{"id":18215,"date":"2025-02-13T06:45:26","date_gmt":"2025-02-13T03:45:26","guid":{"rendered":"https:\/\/www.egemtv.com\/?p=18215"},"modified":"2025-02-13T06:45:31","modified_gmt":"2025-02-13T03:45:31","slug":"muglanin-sahil-kesimlerine-zirai-don-uyarisi","status":"publish","type":"post","link":"https:\/\/www.egemtv.com\/?p=18215","title":{"rendered":"Mu\u011fla\u2019n\u0131n sahil kesimlerine \u2018Zirai don\u2019 uyar\u0131s\u0131"},"content":{"rendered":"<p>Meteoroloji 4. B\u00f6lge M\u00fcd\u00fcrl\u00fc\u011f\u00fc B\u00f6lge Tahmin ve Uyar\u0131 Merkezinden yap\u0131lan uyar\u0131da, Mu\u011fla\u2019n\u0131n sahil kesimlerinde zirai don uyar\u0131s\u0131 yap\u0131ld\u0131.<br \/>\n<br \/>Yap\u0131lan uyar\u0131da, &#8220;Yap\u0131lan son de\u011ferlendirmelere g\u00f6re; 14 \u015eubat Cuma sabah saatlerine kadar Mu\u011fla\u2019n\u0131n sahil kesimlerinde ak\u015fam ve gece saatlerinde hafif zirai don hadisesi beklenmektedir. Tar\u0131msal faaliyetlerle u\u011fra\u015fan vatanda\u015flar\u0131m\u0131z\u0131n ve ilgililerin dikkatli ve tedbirli olmalar\u0131 \u00f6nem arz etmektedir&#8221; denildi.<br \/><\/p>\n","protected":false},"excerpt":{"rendered":"<p>Meteoroloji 4. B\u00f6lge M\u00fcd\u00fcrl\u00fc\u011f\u00fc B\u00f6lge Tahmin ve Uyar\u0131 Merkezinden yap\u0131lan uyar\u0131da, Mu\u011fla\u2019n\u0131n sahil kesimlerinde zirai don uyar\u0131s\u0131 yap\u0131ld\u0131. Yap\u0131lan uyar\u0131da, &#8220;Yap\u0131lan son de\u011ferlendirmelere g\u00f6re; 14 \u015eubat Cuma sabah saatlerine kadar Mu\u011fla\u2019n\u0131n sahil kesimlerinde ak\u015fam ve gece saatlerinde hafif zirai don hadisesi beklenmektedir. Tar\u0131msal faaliyetlerle u\u011fra\u015fan vatanda\u015flar\u0131m\u0131z\u0131n ve ilgililerin dikkatli ve tedbirli olmalar\u0131 \u00f6nem arz etmektedir&#8221;&#8230;<\/p>\n","protected":false},"author":1,"featured_media":18216,"comment_status":"open","ping_status":"open","sticky":false,"template":"","format":"standard","meta":{"_crdt_document":"","footnotes":""},"categories":[1],"tags":[],"class_list":["post-18215","post","type-post","status-publish","format-standard","has-post-thumbnail","hentry","category-guncel"],"_links":{"self":[{"href":"https:\/\/www.egemtv.com\/index.php?rest_route=\/wp\/v2\/posts\/18215","targetHints":{"allow":["GET"]}}],"collection":[{"href":"https:\/\/www.egemtv.com\/index.php?rest_route=\/wp\/v2\/posts"}],"about":[{"href":"https:\/\/www.egemtv.com\/index.php?rest_route=\/wp\/v2\/types\/post"}],"author":[{"embeddable":true,"href":"https:\/\/www.egemtv.com\/index.php?rest_route=\/wp\/v2\/users\/1"}],"replies":[{"embeddable":true,"href":"https:\/\/www.egemtv.com\/index.php?rest_route=%2Fwp%2Fv2%2Fcomments&post=18215"}],"version-history":[{"count":1,"href":"https:\/\/www.egemtv.com\/index.php?rest_route=\/wp\/v2\/posts\/18215\/revisions"}],"predecessor-version":[{"id":18217,"href":"https:\/\/www.egemtv.com\/index.php?rest_route=\/wp\/v2\/posts\/18215\/revisions\/18217"}],"wp:featuredmedia":[{"embeddable":true,"href":"https:\/\/www.egemtv.com\/index.php?rest_route=\/wp\/v2\/media\/18216"}],"wp:attachment":[{"href":"https:\/\/www.egemtv.com\/index.php?rest_route=%2Fwp%2Fv2%2Fmedia&parent=18215"}],"wp:term":[{"taxonomy":"category","embeddable":true,"href":"https:\/\/www.egemtv.com\/index.php?rest_route=%2Fwp%2Fv2%2Fcategories&post=18215"},{"taxonomy":"post_tag","embeddable":true,"href":"https:\/\/www.egemtv.com\/index.php?rest_route=%2Fwp%2Fv2%2Ftags&post=18215"}],"curies":[{"name":"wp","href":"https:\/\/api.w.org\/{rel}","templated":true}]}}