{"id":18212,"date":"2025-02-13T00:37:22","date_gmt":"2025-02-12T21:37:22","guid":{"rendered":"https:\/\/www.egemtv.com\/?p=18212"},"modified":"2025-02-13T00:37:27","modified_gmt":"2025-02-12T21:37:27","slug":"jandarmadan-trafik-denetimi","status":"publish","type":"post","link":"https:\/\/www.egemtv.com\/?p=18212","title":{"rendered":"Jandarmadan trafik denetimi"},"content":{"rendered":"<p>Manisa\u2019n\u0131n \u015eehzadeler il\u00e7esinde jandarma ekipleri taraf\u0131ndan ger\u00e7ekle\u015ftirilen trafik denetiminde 30 ara\u00e7 trafikten men edilirken arama kayd\u0131 bulunan 8 ki\u015finin de yakaland\u0131\u011f\u0131 a\u00e7\u0131kland\u0131.<br \/>\n<br \/>Manisa\u2019n\u0131n \u015eehzadeler il\u00e7esi jandarma sorumluluk b\u00f6lgesinde 12 \u015eubat tarihinde 17.00-20.00 saatleri aras\u0131nda Manisa \u0130l Jandarma Komutanl\u0131\u011f\u0131 Trafik \u015eube M\u00fcd\u00fcrl\u00fc\u011f\u00fc koordinat\u00f6rl\u00fc\u011f\u00fcnde Asayi\u015f Timleri ile geni\u015f kapsaml\u0131 \u00f6zel trafik denetimi ger\u00e7ekle\u015ftirildi.<br \/>\n<br \/>Denetime 15 Jandarma Trafik timi ve 14 Asayi\u015f Timi olmak \u00fczere toplam 87 personel kat\u0131ld\u0131. Yap\u0131lan denetim sonucunda 1395 ara\u00e7 ve 1702 \u015fah\u0131s kontrol edilirken, 98 araca mevzuat h\u00fck\u00fcmleri do\u011frultusunda trafik cezas\u0131 uyguland\u0131. 13 motosiklet, 9 otomobil ve 8 kamyon olmak \u00fczere 30 ara\u00e7 trafikten men edildi. \u015easesinde silinti\/kaz\u0131nt\u0131 yap\u0131lan 2 motosiklet hakk\u0131nda &#8220;Resmi belgede sahtecilik&#8221; su\u00e7undan adli i\u015flem ba\u015flat\u0131l\u0131rken, yakalama kayd\u0131 bulunan 2 motosiklet ve 1 otomobil ile UYAP\u2019ta arama kayd\u0131 bulunan 8 \u015fahs\u0131n yakaland\u0131\u011f\u0131 a\u00e7\u0131kland\u0131.<br \/><\/p>\n","protected":false},"excerpt":{"rendered":"<p>Manisa\u2019n\u0131n \u015eehzadeler il\u00e7esinde jandarma ekipleri taraf\u0131ndan ger\u00e7ekle\u015ftirilen trafik denetiminde 30 ara\u00e7 trafikten men edilirken arama kayd\u0131 bulunan 8 ki\u015finin de yakaland\u0131\u011f\u0131 a\u00e7\u0131kland\u0131. Manisa\u2019n\u0131n \u015eehzadeler il\u00e7esi jandarma sorumluluk b\u00f6lgesinde 12 \u015eubat tarihinde 17.00-20.00 saatleri aras\u0131nda Manisa \u0130l Jandarma Komutanl\u0131\u011f\u0131 Trafik \u015eube M\u00fcd\u00fcrl\u00fc\u011f\u00fc koordinat\u00f6rl\u00fc\u011f\u00fcnde Asayi\u015f Timleri ile geni\u015f kapsaml\u0131 \u00f6zel trafik denetimi ger\u00e7ekle\u015ftirildi. Denetime 15 Jandarma Trafik&#8230;<\/p>\n","protected":false},"author":1,"featured_media":18213,"comment_status":"open","ping_status":"open","sticky":false,"template":"","format":"standard","meta":{"_crdt_document":"","footnotes":""},"categories":[5],"tags":[],"class_list":["post-18212","post","type-post","status-publish","format-standard","has-post-thumbnail","hentry","category-asayis"],"_links":{"self":[{"href":"https:\/\/www.egemtv.com\/index.php?rest_route=\/wp\/v2\/posts\/18212","targetHints":{"allow":["GET"]}}],"collection":[{"href":"https:\/\/www.egemtv.com\/index.php?rest_route=\/wp\/v2\/posts"}],"about":[{"href":"https:\/\/www.egemtv.com\/index.php?rest_route=\/wp\/v2\/types\/post"}],"author":[{"embeddable":true,"href":"https:\/\/www.egemtv.com\/index.php?rest_route=\/wp\/v2\/users\/1"}],"replies":[{"embeddable":true,"href":"https:\/\/www.egemtv.com\/index.php?rest_route=%2Fwp%2Fv2%2Fcomments&post=18212"}],"version-history":[{"count":1,"href":"https:\/\/www.egemtv.com\/index.php?rest_route=\/wp\/v2\/posts\/18212\/revisions"}],"predecessor-version":[{"id":18214,"href":"https:\/\/www.egemtv.com\/index.php?rest_route=\/wp\/v2\/posts\/18212\/revisions\/18214"}],"wp:featuredmedia":[{"embeddable":true,"href":"https:\/\/www.egemtv.com\/index.php?rest_route=\/wp\/v2\/media\/18213"}],"wp:attachment":[{"href":"https:\/\/www.egemtv.com\/index.php?rest_route=%2Fwp%2Fv2%2Fmedia&parent=18212"}],"wp:term":[{"taxonomy":"category","embeddable":true,"href":"https:\/\/www.egemtv.com\/index.php?rest_route=%2Fwp%2Fv2%2Fcategories&post=18212"},{"taxonomy":"post_tag","embeddable":true,"href":"https:\/\/www.egemtv.com\/index.php?rest_route=%2Fwp%2Fv2%2Ftags&post=18212"}],"curies":[{"name":"wp","href":"https:\/\/api.w.org\/{rel}","templated":true}]}}