{"id":18209,"date":"2025-02-12T23:04:56","date_gmt":"2025-02-12T20:04:56","guid":{"rendered":"https:\/\/www.egemtv.com\/?p=18209"},"modified":"2025-02-12T23:05:02","modified_gmt":"2025-02-12T20:05:02","slug":"polisleri-pesine-takip-15-kilometre-kacti-kaza-yapinca-yakalandi","status":"publish","type":"post","link":"https:\/\/www.egemtv.com\/?p=18209","title":{"rendered":"Polisleri pe\u015fine tak\u0131p 15 kilometre ka\u00e7t\u0131, kaza yap\u0131nca yakaland\u0131"},"content":{"rendered":"<p>Burdur\u2019da polis ekiplerinin &#8220;dur&#8221; ihtar\u0131na uymayan ve \u00e7e\u015fitli su\u00e7lardan arand\u0131\u011f\u0131 belirlenen \u015f\u00fcpheli, arac\u0131yla 4 araca \u00e7arparak yakla\u015f\u0131k 15 kilometre ka\u00e7t\u0131. Kaza yap\u0131nca yaya olarak ka\u00e7maya \u00e7al\u0131\u015fan \u015f\u00fcpheli k\u0131sk\u0131vrak yakaland\u0131.<br \/>\n<br \/>Olay, saat 18.00 s\u0131ralar\u0131nda Burdur merkez Askeriye k\u00f6y\u00fc yak\u0131nlar\u0131nda meydana geldi. Edinilen bilgilere g\u00f6re, Ahmet Y. (29) idaresindeki 15 NR 403 plakal\u0131 Fiat Tofa\u015f marka otomobil, polis uygulama noktas\u0131nda ekiplerin &#8220;dur&#8221; ihtar\u0131na uymayarak ka\u00e7maya ba\u015flad\u0131. Bunun \u00fczerine polis ekipleri arac\u0131 takibe ald\u0131.<br \/>\n<br \/>\u015e\u00fcpheli, Bur\u00e7 Mahallesi Akkanat Sokak, Konak Mahallesi Fevzi Pa\u015fa Caddesi ve R\u0131za Do\u011frul Caddesi\u2019nde park halindeki 4 araca \u00e7arparak ka\u00e7\u0131\u015f\u0131n\u0131 s\u00fcrd\u00fcrd\u00fc. Yakla\u015f\u0131k 15 kilometre boyunca polis ekiplerinden ka\u00e7an otomobil, Burdur-Isparta karayolu Askeriye k\u00f6y\u00fc yak\u0131nlar\u0131nda ref\u00fcj bord\u00fcr ta\u015flar\u0131na \u00e7arparak kaza yapt\u0131.<br \/>\n<br \/>Kazan\u0131n ard\u0131ndan ara\u00e7tan inerek yaya olarak ka\u00e7maya \u00e7al\u0131\u015fan Ahmet Y., Asayi\u015f \u015eube M\u00fcd\u00fcrl\u00fc\u011f\u00fc ekipleri taraf\u0131ndan k\u0131sa s\u00fcrede yakalanarak g\u00f6zalt\u0131na al\u0131nd\u0131. Yap\u0131lan incelemelerde \u015f\u00fcphelinin \u00e7e\u015fitli su\u00e7lardan arand\u0131\u011f\u0131 tespit edildi.<br \/>\n<br \/>Ahmet Y., gerekli i\u015flemler i\u00e7in polis merkezine g\u00f6t\u00fcr\u00fcl\u00fcrken, kullan\u0131lamaz hale gelen ara\u00e7 \u00e7ekici yard\u0131m\u0131yla otoparka \u00e7ekildi.<br \/><\/p>\n","protected":false},"excerpt":{"rendered":"<p>Burdur\u2019da polis ekiplerinin &#8220;dur&#8221; ihtar\u0131na uymayan ve \u00e7e\u015fitli su\u00e7lardan arand\u0131\u011f\u0131 belirlenen \u015f\u00fcpheli, arac\u0131yla 4 araca \u00e7arparak yakla\u015f\u0131k 15 kilometre ka\u00e7t\u0131. Kaza yap\u0131nca yaya olarak ka\u00e7maya \u00e7al\u0131\u015fan \u015f\u00fcpheli k\u0131sk\u0131vrak yakaland\u0131. Olay, saat 18.00 s\u0131ralar\u0131nda Burdur merkez Askeriye k\u00f6y\u00fc yak\u0131nlar\u0131nda meydana geldi. Edinilen bilgilere g\u00f6re, Ahmet Y. (29) idaresindeki 15 NR 403 plakal\u0131 Fiat Tofa\u015f marka otomobil,&#8230;<\/p>\n","protected":false},"author":1,"featured_media":18210,"comment_status":"open","ping_status":"open","sticky":false,"template":"","format":"standard","meta":{"_crdt_document":"","footnotes":""},"categories":[5],"tags":[],"class_list":["post-18209","post","type-post","status-publish","format-standard","has-post-thumbnail","hentry","category-asayis"],"_links":{"self":[{"href":"https:\/\/www.egemtv.com\/index.php?rest_route=\/wp\/v2\/posts\/18209","targetHints":{"allow":["GET"]}}],"collection":[{"href":"https:\/\/www.egemtv.com\/index.php?rest_route=\/wp\/v2\/posts"}],"about":[{"href":"https:\/\/www.egemtv.com\/index.php?rest_route=\/wp\/v2\/types\/post"}],"author":[{"embeddable":true,"href":"https:\/\/www.egemtv.com\/index.php?rest_route=\/wp\/v2\/users\/1"}],"replies":[{"embeddable":true,"href":"https:\/\/www.egemtv.com\/index.php?rest_route=%2Fwp%2Fv2%2Fcomments&post=18209"}],"version-history":[{"count":1,"href":"https:\/\/www.egemtv.com\/index.php?rest_route=\/wp\/v2\/posts\/18209\/revisions"}],"predecessor-version":[{"id":18211,"href":"https:\/\/www.egemtv.com\/index.php?rest_route=\/wp\/v2\/posts\/18209\/revisions\/18211"}],"wp:featuredmedia":[{"embeddable":true,"href":"https:\/\/www.egemtv.com\/index.php?rest_route=\/wp\/v2\/media\/18210"}],"wp:attachment":[{"href":"https:\/\/www.egemtv.com\/index.php?rest_route=%2Fwp%2Fv2%2Fmedia&parent=18209"}],"wp:term":[{"taxonomy":"category","embeddable":true,"href":"https:\/\/www.egemtv.com\/index.php?rest_route=%2Fwp%2Fv2%2Fcategories&post=18209"},{"taxonomy":"post_tag","embeddable":true,"href":"https:\/\/www.egemtv.com\/index.php?rest_route=%2Fwp%2Fv2%2Ftags&post=18209"}],"curies":[{"name":"wp","href":"https:\/\/api.w.org\/{rel}","templated":true}]}}