{"id":18206,"date":"2025-02-12T22:03:18","date_gmt":"2025-02-12T19:03:18","guid":{"rendered":"https:\/\/www.egemtv.com\/?p=18206"},"modified":"2025-02-12T22:03:23","modified_gmt":"2025-02-12T19:03:23","slug":"emniyetten-korsan-tasimacilik-ve-isci-servisi-denetimi","status":"publish","type":"post","link":"https:\/\/www.egemtv.com\/?p=18206","title":{"rendered":"Emniyetten korsan ta\u015f\u0131mac\u0131l\u0131k ve i\u015f\u00e7i servisi denetimi"},"content":{"rendered":"<p>Manisa \u0130l Emniyet M\u00fcd\u00fcrl\u00fc\u011f\u00fc Trafik Denetleme \u015eube M\u00fcd\u00fcrl\u00fc\u011f\u00fc ve il\u00e7e trafik birimleri taraf\u0131ndan il genelinde korsan ta\u015f\u0131mac\u0131l\u0131k ve i\u015f\u00e7i servislerine y\u00f6nelik ger\u00e7ekle\u015ftirilen denetimlerde 41 ara\u00e7 ve s\u00fcr\u00fcc\u00fcs\u00fcne cezai i\u015flem uygulan\u0131rken 4 ara\u00e7 da trafikten men edildi.<br \/>\n<br \/>Manisa \u0130l Emniyet M\u00fcd\u00fcrl\u00fc\u011f\u00fc Trafik Denetleme \u015eube M\u00fcd\u00fcrl\u00fc\u011f\u00fc ve il\u00e7e trafik birimleri taraf\u0131ndan 11 \u015eubat 2025 tarihinde; 19 ekip 39 personel ile korsan ta\u015f\u0131mac\u0131l\u0131k ve i\u015f\u00e7i servislerine y\u00f6nelik denetim ger\u00e7ekle\u015ftirildi.<br \/>\n<br \/>Yap\u0131lan denetimlerde 246 ara\u00e7 ve s\u00fcr\u00fcc\u00fcs\u00fc kontrol edilirken, kusurlu g\u00f6r\u00fclen biri korsan ta\u015f\u0131mac\u0131l\u0131k olmak \u00fczere 41 ara\u00e7 ve s\u00fcr\u00fcc\u00fcs\u00fcne toplam 265 bin 230 TL idari para cezas\u0131 uyguland\u0131. Yap\u0131lan denetimde 4 arac\u0131n da trafikten men edildi\u011fi bildirildi.<br \/><\/p>\n","protected":false},"excerpt":{"rendered":"<p>Manisa \u0130l Emniyet M\u00fcd\u00fcrl\u00fc\u011f\u00fc Trafik Denetleme \u015eube M\u00fcd\u00fcrl\u00fc\u011f\u00fc ve il\u00e7e trafik birimleri taraf\u0131ndan il genelinde korsan ta\u015f\u0131mac\u0131l\u0131k ve i\u015f\u00e7i servislerine y\u00f6nelik ger\u00e7ekle\u015ftirilen denetimlerde 41 ara\u00e7 ve s\u00fcr\u00fcc\u00fcs\u00fcne cezai i\u015flem uygulan\u0131rken 4 ara\u00e7 da trafikten men edildi. Manisa \u0130l Emniyet M\u00fcd\u00fcrl\u00fc\u011f\u00fc Trafik Denetleme \u015eube M\u00fcd\u00fcrl\u00fc\u011f\u00fc ve il\u00e7e trafik birimleri taraf\u0131ndan 11 \u015eubat 2025 tarihinde; 19 ekip&#8230;<\/p>\n","protected":false},"author":1,"featured_media":18207,"comment_status":"open","ping_status":"open","sticky":false,"template":"","format":"standard","meta":{"_crdt_document":"","footnotes":""},"categories":[5],"tags":[],"class_list":["post-18206","post","type-post","status-publish","format-standard","has-post-thumbnail","hentry","category-asayis"],"_links":{"self":[{"href":"https:\/\/www.egemtv.com\/index.php?rest_route=\/wp\/v2\/posts\/18206","targetHints":{"allow":["GET"]}}],"collection":[{"href":"https:\/\/www.egemtv.com\/index.php?rest_route=\/wp\/v2\/posts"}],"about":[{"href":"https:\/\/www.egemtv.com\/index.php?rest_route=\/wp\/v2\/types\/post"}],"author":[{"embeddable":true,"href":"https:\/\/www.egemtv.com\/index.php?rest_route=\/wp\/v2\/users\/1"}],"replies":[{"embeddable":true,"href":"https:\/\/www.egemtv.com\/index.php?rest_route=%2Fwp%2Fv2%2Fcomments&post=18206"}],"version-history":[{"count":1,"href":"https:\/\/www.egemtv.com\/index.php?rest_route=\/wp\/v2\/posts\/18206\/revisions"}],"predecessor-version":[{"id":18208,"href":"https:\/\/www.egemtv.com\/index.php?rest_route=\/wp\/v2\/posts\/18206\/revisions\/18208"}],"wp:featuredmedia":[{"embeddable":true,"href":"https:\/\/www.egemtv.com\/index.php?rest_route=\/wp\/v2\/media\/18207"}],"wp:attachment":[{"href":"https:\/\/www.egemtv.com\/index.php?rest_route=%2Fwp%2Fv2%2Fmedia&parent=18206"}],"wp:term":[{"taxonomy":"category","embeddable":true,"href":"https:\/\/www.egemtv.com\/index.php?rest_route=%2Fwp%2Fv2%2Fcategories&post=18206"},{"taxonomy":"post_tag","embeddable":true,"href":"https:\/\/www.egemtv.com\/index.php?rest_route=%2Fwp%2Fv2%2Ftags&post=18206"}],"curies":[{"name":"wp","href":"https:\/\/api.w.org\/{rel}","templated":true}]}}