{"id":18203,"date":"2025-02-12T21:25:53","date_gmt":"2025-02-12T18:25:53","guid":{"rendered":"https:\/\/www.egemtv.com\/?p=18203"},"modified":"2025-02-12T21:26:00","modified_gmt":"2025-02-12T18:26:00","slug":"burdurda-kontrolden-cikan-otomobil-takla-atip-sarampole-devrildi-2-yarali","status":"publish","type":"post","link":"https:\/\/www.egemtv.com\/?p=18203","title":{"rendered":"Burdur\u2019da kontrolden \u00e7\u0131kan otomobil takla at\u0131p \u015farampole devrildi: 2 yaral\u0131"},"content":{"rendered":"<p>Burdur-Fethiye karayolunda kontrolden \u00e7\u0131kan otomobilin takla atarak \u015farampole devrilmesi sonucu 2 ki\u015fi yaraland\u0131.<br \/>\n<br \/>Kaza, saat 18.00 s\u0131ralar\u0131nda Burdur merkeze ba\u011fl\u0131 Hac\u0131lar k\u00f6y\u00fc Burdur-Fethiye karayolunda meydana geldi. Edinilen bilgilere g\u00f6re, Karamanl\u0131 il\u00e7esinden Burdur istikametine seyir halinde olan Deniz Y. (41) idaresindeki 68 KT 153 plakal\u0131 Fiat Tofa\u015f otomobil, Hac\u0131lar k\u00f6y\u00fc mevkiinde s\u00fcr\u00fcc\u00fcs\u00fcn\u00fcn direksiyon hakimiyetini kaybetmesi sonucu kontrolden \u00e7\u0131karak takla at\u0131p \u015farampole devrildi. Kazada otomobil s\u00fcr\u00fcc\u00fcs\u00fc Deniz Y. ve ayn\u0131 ara\u00e7ta yolcu olarak bulunan Elif Y. (39) yaraland\u0131. \u00c7evredekilerin 112 Acil \u00c7a\u011fr\u0131 Merkezine ihbar\u0131 \u00fczerine olay yerine itfaiye, sa\u011fl\u0131k, polis ve jandarma ekipleri sevk edildi. Olay yerine gelen sa\u011fl\u0131k ekipleri taraf\u0131ndan ilk m\u00fcdahaleleri yap\u0131lan yaral\u0131lar ambulanslarla Burdur Devlet Hastanesi\u2019ne kald\u0131r\u0131ld\u0131. Kazada hurdaya d\u00f6nen otomobil \u00e7ekici yard\u0131m\u0131yla yoldan kald\u0131r\u0131l\u0131rken hastanede tedavi alt\u0131na al\u0131nan yaral\u0131lar\u0131n durumlar\u0131n\u0131n iyi oldu\u011fu \u00f6\u011frenildi.<br \/><\/p>\n","protected":false},"excerpt":{"rendered":"<p>Burdur-Fethiye karayolunda kontrolden \u00e7\u0131kan otomobilin takla atarak \u015farampole devrilmesi sonucu 2 ki\u015fi yaraland\u0131. Kaza, saat 18.00 s\u0131ralar\u0131nda Burdur merkeze ba\u011fl\u0131 Hac\u0131lar k\u00f6y\u00fc Burdur-Fethiye karayolunda meydana geldi. Edinilen bilgilere g\u00f6re, Karamanl\u0131 il\u00e7esinden Burdur istikametine seyir halinde olan Deniz Y. (41) idaresindeki 68 KT 153 plakal\u0131 Fiat Tofa\u015f otomobil, Hac\u0131lar k\u00f6y\u00fc mevkiinde s\u00fcr\u00fcc\u00fcs\u00fcn\u00fcn direksiyon hakimiyetini kaybetmesi sonucu&#8230;<\/p>\n","protected":false},"author":1,"featured_media":18204,"comment_status":"open","ping_status":"open","sticky":false,"template":"","format":"standard","meta":{"_crdt_document":"","footnotes":""},"categories":[5],"tags":[],"class_list":["post-18203","post","type-post","status-publish","format-standard","has-post-thumbnail","hentry","category-asayis"],"_links":{"self":[{"href":"https:\/\/www.egemtv.com\/index.php?rest_route=\/wp\/v2\/posts\/18203","targetHints":{"allow":["GET"]}}],"collection":[{"href":"https:\/\/www.egemtv.com\/index.php?rest_route=\/wp\/v2\/posts"}],"about":[{"href":"https:\/\/www.egemtv.com\/index.php?rest_route=\/wp\/v2\/types\/post"}],"author":[{"embeddable":true,"href":"https:\/\/www.egemtv.com\/index.php?rest_route=\/wp\/v2\/users\/1"}],"replies":[{"embeddable":true,"href":"https:\/\/www.egemtv.com\/index.php?rest_route=%2Fwp%2Fv2%2Fcomments&post=18203"}],"version-history":[{"count":1,"href":"https:\/\/www.egemtv.com\/index.php?rest_route=\/wp\/v2\/posts\/18203\/revisions"}],"predecessor-version":[{"id":18205,"href":"https:\/\/www.egemtv.com\/index.php?rest_route=\/wp\/v2\/posts\/18203\/revisions\/18205"}],"wp:featuredmedia":[{"embeddable":true,"href":"https:\/\/www.egemtv.com\/index.php?rest_route=\/wp\/v2\/media\/18204"}],"wp:attachment":[{"href":"https:\/\/www.egemtv.com\/index.php?rest_route=%2Fwp%2Fv2%2Fmedia&parent=18203"}],"wp:term":[{"taxonomy":"category","embeddable":true,"href":"https:\/\/www.egemtv.com\/index.php?rest_route=%2Fwp%2Fv2%2Fcategories&post=18203"},{"taxonomy":"post_tag","embeddable":true,"href":"https:\/\/www.egemtv.com\/index.php?rest_route=%2Fwp%2Fv2%2Ftags&post=18203"}],"curies":[{"name":"wp","href":"https:\/\/api.w.org\/{rel}","templated":true}]}}