{"id":18200,"date":"2025-02-12T21:25:40","date_gmt":"2025-02-12T18:25:40","guid":{"rendered":"https:\/\/www.egemtv.com\/?p=18200"},"modified":"2025-02-12T21:25:44","modified_gmt":"2025-02-12T18:25:44","slug":"merhum-sanatci-ferdi-tayfur-icin-marmariste-mevlit-okutuldu","status":"publish","type":"post","link":"https:\/\/www.egemtv.com\/?p=18200","title":{"rendered":"Merhum sanat\u00e7\u0131 Ferdi Tayfur i\u00e7in Marmaris\u2019te mevlit okutuldu"},"content":{"rendered":"<p>T\u00fcrk arabesk m\u00fczi\u011finin usta isimlerinden Ferdi Tayfur\u2019un vefat\u0131n\u0131n 40. g\u00fcn\u00fc dolay\u0131s\u0131yla, Mu\u011fla\u2019n\u0131n Marmaris il\u00e7esinde mevlit okutuldu ve lokma hayr\u0131 yap\u0131ld\u0131.<br \/>\n<br \/>T\u00fcrkiye Musiki Eseri Sahipleri Meslek Birli\u011fi (MESAM) taraf\u0131ndan organize edilen anma programlar\u0131 kapsam\u0131nda, 12 \u015eubat 2025 tarihinde \u0130stanbul Levent Barbaros Hayrettin Pa\u015fa Camii, Adana Sabanc\u0131 Merkez Camii ve Marmaris Merkez Eski Camii\u2019nde mevlit okutuldu. Marmaris\u2019teki programa Ferdi Tayfur\u2019un o\u011flu Taha Ferdi Tayfur ve annesi \u00dcmm\u00fcyani Demir, torunu Ferdi Tayfur, Marmaris Kaymakam\u0131 Nurullah Kaya, MESAM Marmaris Temsilcisi \u00dcmran Akdokur ve \u00e7ok say\u0131da seveni kat\u0131ld\u0131.<\/p>\n<p>&#8220;Marmaris\u2019e b\u00fcy\u00fck de\u011fer katt\u0131&#8221;<br \/>\n<br \/>Marmaris Kaymakam\u0131 Nurullah Kaya yapt\u0131\u011f\u0131 konu\u015fmada Ferdi Tayfur\u2019un sanat d\u00fcnyas\u0131na ve Marmaris\u2019e katt\u0131\u011f\u0131 de\u011fere vurgu yaparak \u015funlar\u0131 s\u00f6yledi:<br \/>\n<br \/>&#8220;Bizim g\u00f6rev s\u00fcremizde kendisi rahats\u0131z oldu\u011fu i\u00e7in tan\u0131\u015fma f\u0131rsat\u0131m\u0131z olmad\u0131. Ancak, t\u00fcm T\u00fcrk milletinin g\u00f6nl\u00fcnde oldu\u011fu gibi, bizim de g\u00f6nl\u00fcm\u00fczde yer etmi\u015f, severek takip etti\u011fimiz bir sanat\u00e7\u0131yd\u0131. Onun her an\u0131n\u0131 yak\u0131ndan takip ettik. Mekan\u0131 cennet olsun. Marmaris\u2019e b\u00fcy\u00fck de\u011fer katan bir isimdi. Onun ismi ge\u00e7ti\u011finde Marmaris de an\u0131l\u0131yordu. Bu nedenle kendisine \u015f\u00fckran bor\u00e7luyuz. Ferdi Tayfur\u2019un cenazesi i\u00e7in yurt d\u0131\u015f\u0131ndan gelen y\u00fczlerce seveni vard\u0131. So\u011fuk havaya ra\u011fmen s\u0131rf ona veda edebilmek i\u00e7in \u0130stanbul\u2019a geldiler. Bu, milletimizin ona olan sevgisini g\u00f6steriyor. Onun Marmaris\u2019e olan sevgisini de biliyoruz. Burada d\u00fczenlenen programda eme\u011fi ge\u00e7enlere te\u015fekk\u00fcr ediyorum. Ailesine ve t\u00fcm sevenlerine bir kez daha ba\u015fsa\u011fl\u0131\u011f\u0131 diliyorum&#8221; \u015feklinde konu\u015ftu.<\/p>\n<p>&#8220;B\u00fcy\u00fck bir kay\u0131p&#8221;<br \/>\n<br \/>MESAM Marmaris Temsilcisi \u00dcmran Akdokur da etkinlik hakk\u0131nda bilgi vererek, &#8220;Bu mevlit, MESAM T\u00fcrkiye M\u00fczik Eseri Sahipleri Meslek Birli\u011fi Ba\u015fkan\u0131 Recep Bey\u2019in talimatlar\u0131 do\u011frultusunda d\u00fczenlendi. Ben de MESAM\u2019\u0131n Marmaris\u2019teki temsilcisi olarak burada bulunuyorum. Ferdi Tayfur, halk\u0131n g\u00f6nl\u00fcnde taht kurmu\u015f bir sanat\u00e7\u0131yd\u0131. Onu kaybetmek b\u00fcy\u00fck bir kay\u0131p. Allah rahmet eylesin&#8221; dedi.<br \/>\n<br \/>Sanat\u00e7\u0131n\u0131n uzun y\u0131llard\u0131r dostu oldu\u011funu belirten Marmaris sakinlerinden Ali Atay, \u00fcnl\u00fc sanat\u00e7\u0131n\u0131n vefat\u0131ndan duydu\u011fu \u00fcz\u00fcnt\u00fcy\u00fc, &#8220;Ferdi Baba\u2019m\u0131z\u0131n mekan\u0131 cennet olsun. Y\u0131llard\u0131r tan\u0131d\u0131\u011f\u0131m, dostum, arkada\u015f\u0131m gibi g\u00f6rd\u00fc\u011f\u00fcm bir insand\u0131. Cenazesi i\u00e7in Marmaris\u2019ten \u0130stanbul\u2019a gittim. \u00c7ok kalabal\u0131kt\u0131, herkes b\u00fcy\u00fck bir \u00fcz\u00fcnt\u00fc i\u00e7indeydi. 2015 y\u0131l\u0131nda \u00e7al\u0131\u015ft\u0131\u011f\u0131m otele hay\u0131rl\u0131 olsun ziyareti yapm\u0131\u015ft\u0131. Ger\u00e7ekten \u00e7ok de\u011ferli bir insand\u0131. Yap\u0131lan lokma hayr\u0131n\u0131 Allah kabul etsin&#8221; s\u00f6zleri ile dile getirdi.<br \/>\n<br \/>Marmaris\u2019te ya\u015fayan ve sanat\u00e7\u0131n\u0131n hayran\u0131 olan \u0130ffet Erg\u00fcven ise, &#8220;\u00c7ok \u00fczg\u00fcn\u00fcz. Ferdi Tayfur, T\u00fcrkiye ve sanat camias\u0131 i\u00e7in \u00e7ok b\u00fcy\u00fck bir de\u011ferdi. Onu kaybetmenin derin \u00fcz\u00fcnt\u00fcs\u00fcn\u00fc ya\u015f\u0131yoruz. Bug\u00fcn burada k\u0131rk\u0131nc\u0131 g\u00fcn duas\u0131 var ve biz de ailesiyle, sevenleriyle bir arada olmak istedik. Merhuma Allah\u2019tan rahmet, ailesine ve t\u00fcm sevenlerine sab\u0131r diliyoruz. T\u00fcm sanat camias\u0131n\u0131n ba\u015f\u0131 sa\u011f olsun&#8221; dedi.<br \/>\n<br \/>Marmaris\u2019te d\u00fczenlenen mevlit program\u0131, dualar e\u015fli\u011finde sona ererken, etkinlik dahilinde lokma hayr\u0131 da yap\u0131ld\u0131.<br \/><\/p>\n","protected":false},"excerpt":{"rendered":"<p>T\u00fcrk arabesk m\u00fczi\u011finin usta isimlerinden Ferdi Tayfur\u2019un vefat\u0131n\u0131n 40. g\u00fcn\u00fc dolay\u0131s\u0131yla, Mu\u011fla\u2019n\u0131n Marmaris il\u00e7esinde mevlit okutuldu ve lokma hayr\u0131 yap\u0131ld\u0131. T\u00fcrkiye Musiki Eseri Sahipleri Meslek Birli\u011fi (MESAM) taraf\u0131ndan organize edilen anma programlar\u0131 kapsam\u0131nda, 12 \u015eubat 2025 tarihinde \u0130stanbul Levent Barbaros Hayrettin Pa\u015fa Camii, Adana Sabanc\u0131 Merkez Camii ve Marmaris Merkez Eski Camii\u2019nde mevlit okutuldu. Marmaris\u2019teki&#8230;<\/p>\n","protected":false},"author":1,"featured_media":18201,"comment_status":"open","ping_status":"open","sticky":false,"template":"","format":"standard","meta":{"_crdt_document":"","footnotes":""},"categories":[1],"tags":[],"class_list":["post-18200","post","type-post","status-publish","format-standard","has-post-thumbnail","hentry","category-guncel"],"_links":{"self":[{"href":"https:\/\/www.egemtv.com\/index.php?rest_route=\/wp\/v2\/posts\/18200","targetHints":{"allow":["GET"]}}],"collection":[{"href":"https:\/\/www.egemtv.com\/index.php?rest_route=\/wp\/v2\/posts"}],"about":[{"href":"https:\/\/www.egemtv.com\/index.php?rest_route=\/wp\/v2\/types\/post"}],"author":[{"embeddable":true,"href":"https:\/\/www.egemtv.com\/index.php?rest_route=\/wp\/v2\/users\/1"}],"replies":[{"embeddable":true,"href":"https:\/\/www.egemtv.com\/index.php?rest_route=%2Fwp%2Fv2%2Fcomments&post=18200"}],"version-history":[{"count":1,"href":"https:\/\/www.egemtv.com\/index.php?rest_route=\/wp\/v2\/posts\/18200\/revisions"}],"predecessor-version":[{"id":18202,"href":"https:\/\/www.egemtv.com\/index.php?rest_route=\/wp\/v2\/posts\/18200\/revisions\/18202"}],"wp:featuredmedia":[{"embeddable":true,"href":"https:\/\/www.egemtv.com\/index.php?rest_route=\/wp\/v2\/media\/18201"}],"wp:attachment":[{"href":"https:\/\/www.egemtv.com\/index.php?rest_route=%2Fwp%2Fv2%2Fmedia&parent=18200"}],"wp:term":[{"taxonomy":"category","embeddable":true,"href":"https:\/\/www.egemtv.com\/index.php?rest_route=%2Fwp%2Fv2%2Fcategories&post=18200"},{"taxonomy":"post_tag","embeddable":true,"href":"https:\/\/www.egemtv.com\/index.php?rest_route=%2Fwp%2Fv2%2Ftags&post=18200"}],"curies":[{"name":"wp","href":"https:\/\/api.w.org\/{rel}","templated":true}]}}