{"id":18197,"date":"2025-02-12T21:15:17","date_gmt":"2025-02-12T18:15:17","guid":{"rendered":"https:\/\/www.egemtv.com\/?p=18197"},"modified":"2025-02-12T21:15:19","modified_gmt":"2025-02-12T18:15:19","slug":"babasini-bicaklayarak-olduren-ogul-tutuklandi","status":"publish","type":"post","link":"https:\/\/www.egemtv.com\/?p=18197","title":{"rendered":"Babas\u0131n\u0131 b\u0131\u00e7aklayarak \u00f6ld\u00fcren o\u011ful tutukland\u0131"},"content":{"rendered":"<p>U\u015fak\u2019ta babas\u0131n\u0131 b\u0131\u00e7aklayarak \u00f6l\u00fcm\u00fcne neden olan bir ki\u015fi, \u00e7\u0131kar\u0131ld\u0131\u011f\u0131 mahkemece tutuklanarak cezaevine g\u00f6nderildi.<br \/>\n<br \/>Karaa\u011fa\u00e7 Mahallesi Yaren Sokak\u2019ta bulunan tek katl\u0131 binada d\u00fcn ta\u015f\u0131nmak i\u00e7in evde e\u015fyalar\u0131 toparlad\u0131klar\u0131 s\u0131rada Tolga Y. (29), babas\u0131 Zeki Y.\u2019yi (53) b\u0131\u00e7akla yaralad\u0131. \u00c7evredeki vatanda\u015flar\u0131n durumu 112 Acil \u00c7a\u011fr\u0131 Merkezi\u2019ne bildirmesi \u00fczerine b\u00f6lgeye 112 Sa\u011fl\u0131k ve polis ekipleri sevk edildi. 112 Sa\u011fl\u0131k ekiplerince baba Zeki Y., a\u011f\u0131r yaral\u0131 olarak U\u015fak E\u011fitim Ara\u015ft\u0131rma Hastanesi\u2019ne kald\u0131r\u0131ld\u0131. Zeki Y., burada yap\u0131lan t\u00fcm m\u00fcdahalelere ra\u011fmen hayat\u0131n\u0131 kaybetti.<br \/>\n<br \/>Olay yerinde \u0130l Emniyet M\u00fcd\u00fcrl\u00fc\u011f\u00fc Asayi\u015f \u015eube M\u00fcd\u00fcrl\u00fc\u011f\u00fc Cinayet B\u00fcro Amirli\u011fi ekiplerince g\u00f6zalt\u0131na al\u0131nan katil zanl\u0131s\u0131 emniyetteki i\u015flemlerin ard\u0131ndan \u00e7\u0131kar\u0131ld\u0131\u011f\u0131 mahkemece tutuklanarak cezaevine g\u00f6nderildi.<br \/>\n<br \/>\u00d6te yandan, Tolga Y. ifadesinde Mehdi oldu\u011funu, babas\u0131n\u0131n da din d\u00fc\u015fman\u0131 oldu\u011fu i\u00e7in b\u0131\u00e7aklad\u0131\u011f\u0131n\u0131 \u00f6ne s\u00fcrerek pi\u015fman olmad\u0131\u011f\u0131 s\u00f6yledi.<br \/><\/p>\n","protected":false},"excerpt":{"rendered":"<p>U\u015fak\u2019ta babas\u0131n\u0131 b\u0131\u00e7aklayarak \u00f6l\u00fcm\u00fcne neden olan bir ki\u015fi, \u00e7\u0131kar\u0131ld\u0131\u011f\u0131 mahkemece tutuklanarak cezaevine g\u00f6nderildi. Karaa\u011fa\u00e7 Mahallesi Yaren Sokak\u2019ta bulunan tek katl\u0131 binada d\u00fcn ta\u015f\u0131nmak i\u00e7in evde e\u015fyalar\u0131 toparlad\u0131klar\u0131 s\u0131rada Tolga Y. (29), babas\u0131 Zeki Y.\u2019yi (53) b\u0131\u00e7akla yaralad\u0131. \u00c7evredeki vatanda\u015flar\u0131n durumu 112 Acil \u00c7a\u011fr\u0131 Merkezi\u2019ne bildirmesi \u00fczerine b\u00f6lgeye 112 Sa\u011fl\u0131k ve polis ekipleri sevk edildi. 112&#8230;<\/p>\n","protected":false},"author":1,"featured_media":18198,"comment_status":"open","ping_status":"open","sticky":false,"template":"","format":"standard","meta":{"_crdt_document":"","footnotes":""},"categories":[5],"tags":[],"class_list":["post-18197","post","type-post","status-publish","format-standard","has-post-thumbnail","hentry","category-asayis"],"_links":{"self":[{"href":"https:\/\/www.egemtv.com\/index.php?rest_route=\/wp\/v2\/posts\/18197","targetHints":{"allow":["GET"]}}],"collection":[{"href":"https:\/\/www.egemtv.com\/index.php?rest_route=\/wp\/v2\/posts"}],"about":[{"href":"https:\/\/www.egemtv.com\/index.php?rest_route=\/wp\/v2\/types\/post"}],"author":[{"embeddable":true,"href":"https:\/\/www.egemtv.com\/index.php?rest_route=\/wp\/v2\/users\/1"}],"replies":[{"embeddable":true,"href":"https:\/\/www.egemtv.com\/index.php?rest_route=%2Fwp%2Fv2%2Fcomments&post=18197"}],"version-history":[{"count":1,"href":"https:\/\/www.egemtv.com\/index.php?rest_route=\/wp\/v2\/posts\/18197\/revisions"}],"predecessor-version":[{"id":18199,"href":"https:\/\/www.egemtv.com\/index.php?rest_route=\/wp\/v2\/posts\/18197\/revisions\/18199"}],"wp:featuredmedia":[{"embeddable":true,"href":"https:\/\/www.egemtv.com\/index.php?rest_route=\/wp\/v2\/media\/18198"}],"wp:attachment":[{"href":"https:\/\/www.egemtv.com\/index.php?rest_route=%2Fwp%2Fv2%2Fmedia&parent=18197"}],"wp:term":[{"taxonomy":"category","embeddable":true,"href":"https:\/\/www.egemtv.com\/index.php?rest_route=%2Fwp%2Fv2%2Fcategories&post=18197"},{"taxonomy":"post_tag","embeddable":true,"href":"https:\/\/www.egemtv.com\/index.php?rest_route=%2Fwp%2Fv2%2Ftags&post=18197"}],"curies":[{"name":"wp","href":"https:\/\/api.w.org\/{rel}","templated":true}]}}