{"id":18179,"date":"2025-02-12T20:02:08","date_gmt":"2025-02-12T17:02:08","guid":{"rendered":"https:\/\/www.egemtv.com\/?p=18179"},"modified":"2025-02-12T20:02:15","modified_gmt":"2025-02-12T17:02:15","slug":"kusadasinda-okul-servisleri-denetimden-gecti","status":"publish","type":"post","link":"https:\/\/www.egemtv.com\/?p=18179","title":{"rendered":"Ku\u015fadas\u0131\u2019nda okul servisleri denetimden ge\u00e7ti"},"content":{"rendered":"<p>Ku\u015fadas\u0131\u2019nda 2024-2025 e\u011fitim \u00f6\u011fretim y\u0131l\u0131n\u0131n ikinci d\u00f6neminin ba\u015flamas\u0131n\u0131n ard\u0131ndan \u00f6\u011frencilerin g\u00fcvenli \u015fartlarda okullar\u0131na ula\u015fmas\u0131n\u0131 sa\u011flamak amac\u0131yla servis ara\u00e7lar\u0131 denetlendi. Servis Denetim Komisyonu taraf\u0131ndan yap\u0131lan kontrollerde, \u015fof\u00f6rlerin ve ara\u00e7lar\u0131n \u00f6\u011frenci ta\u015f\u0131mak i\u00e7in belirlenen kurallara uyup uymad\u0131klar\u0131na bak\u0131ld\u0131.<\/p>\n<p>Ku\u015fadas\u0131 Belediyesi Zab\u0131ta M\u00fcd\u00fcrl\u00fc\u011f\u00fc, \u0130l\u00e7e Jandarma Komutanl\u0131\u011f\u0131 Trafik Timleri, \u0130l\u00e7e Emniyet Trafik \u015eube M\u00fcd\u00fcrl\u00fc\u011f\u00fc ve \u0130l\u00e7e Milli E\u011fitim M\u00fcd\u00fcrl\u00fc\u011f\u00fc ekiplerinden olu\u015fan servis denetim komisyonu, \u00f6\u011frencilerin g\u00fcvenli \u015fekilde seyahat etmelerini sa\u011flamak amac\u0131yla okul servislerine y\u00f6nelik kent genelinde denetim ger\u00e7ekle\u015ftirdi. Yap\u0131lan kontrollerde ekipler taraf\u0131ndan \u00e7e\u015fitli evraklar ile belediye ve emniyet vizesine bak\u0131ld\u0131. Ayr\u0131ca lastikler ve emniyet kemerlerinin sa\u011flaml\u0131\u011f\u0131 ile ara\u00e7larda sa\u011fl\u0131k \u00e7antas\u0131 ve yang\u0131n t\u00fcp\u00fcn\u00fcn bulunup bulunmad\u0131\u011f\u0131 denetlendi. Komisyon \u00fcyeleri, kurallara uyan servis \u015fof\u00f6rlerine te\u015fekk\u00fcr ederken denetimlerin y\u0131l boyunca belirlenen periyotlarda devam edece\u011fini belirtti.<br \/><\/p>\n","protected":false},"excerpt":{"rendered":"<p>Ku\u015fadas\u0131\u2019nda 2024-2025 e\u011fitim \u00f6\u011fretim y\u0131l\u0131n\u0131n ikinci d\u00f6neminin ba\u015flamas\u0131n\u0131n ard\u0131ndan \u00f6\u011frencilerin g\u00fcvenli \u015fartlarda okullar\u0131na ula\u015fmas\u0131n\u0131 sa\u011flamak amac\u0131yla servis ara\u00e7lar\u0131 denetlendi. Servis Denetim Komisyonu taraf\u0131ndan yap\u0131lan kontrollerde, \u015fof\u00f6rlerin ve ara\u00e7lar\u0131n \u00f6\u011frenci ta\u015f\u0131mak i\u00e7in belirlenen kurallara uyup uymad\u0131klar\u0131na bak\u0131ld\u0131. Ku\u015fadas\u0131 Belediyesi Zab\u0131ta M\u00fcd\u00fcrl\u00fc\u011f\u00fc, \u0130l\u00e7e Jandarma Komutanl\u0131\u011f\u0131 Trafik Timleri, \u0130l\u00e7e Emniyet Trafik \u015eube M\u00fcd\u00fcrl\u00fc\u011f\u00fc ve \u0130l\u00e7e Milli E\u011fitim M\u00fcd\u00fcrl\u00fc\u011f\u00fc&#8230;<\/p>\n","protected":false},"author":1,"featured_media":18180,"comment_status":"open","ping_status":"open","sticky":false,"template":"","format":"standard","meta":{"_crdt_document":"","footnotes":""},"categories":[5],"tags":[],"class_list":["post-18179","post","type-post","status-publish","format-standard","has-post-thumbnail","hentry","category-asayis"],"_links":{"self":[{"href":"https:\/\/www.egemtv.com\/index.php?rest_route=\/wp\/v2\/posts\/18179","targetHints":{"allow":["GET"]}}],"collection":[{"href":"https:\/\/www.egemtv.com\/index.php?rest_route=\/wp\/v2\/posts"}],"about":[{"href":"https:\/\/www.egemtv.com\/index.php?rest_route=\/wp\/v2\/types\/post"}],"author":[{"embeddable":true,"href":"https:\/\/www.egemtv.com\/index.php?rest_route=\/wp\/v2\/users\/1"}],"replies":[{"embeddable":true,"href":"https:\/\/www.egemtv.com\/index.php?rest_route=%2Fwp%2Fv2%2Fcomments&post=18179"}],"version-history":[{"count":1,"href":"https:\/\/www.egemtv.com\/index.php?rest_route=\/wp\/v2\/posts\/18179\/revisions"}],"predecessor-version":[{"id":18181,"href":"https:\/\/www.egemtv.com\/index.php?rest_route=\/wp\/v2\/posts\/18179\/revisions\/18181"}],"wp:featuredmedia":[{"embeddable":true,"href":"https:\/\/www.egemtv.com\/index.php?rest_route=\/wp\/v2\/media\/18180"}],"wp:attachment":[{"href":"https:\/\/www.egemtv.com\/index.php?rest_route=%2Fwp%2Fv2%2Fmedia&parent=18179"}],"wp:term":[{"taxonomy":"category","embeddable":true,"href":"https:\/\/www.egemtv.com\/index.php?rest_route=%2Fwp%2Fv2%2Fcategories&post=18179"},{"taxonomy":"post_tag","embeddable":true,"href":"https:\/\/www.egemtv.com\/index.php?rest_route=%2Fwp%2Fv2%2Ftags&post=18179"}],"curies":[{"name":"wp","href":"https:\/\/api.w.org\/{rel}","templated":true}]}}