{"id":18176,"date":"2025-02-12T19:56:41","date_gmt":"2025-02-12T16:56:41","guid":{"rendered":"https:\/\/www.egemtv.com\/?p=18176"},"modified":"2025-02-12T19:57:01","modified_gmt":"2025-02-12T16:57:01","slug":"kutahya-belediyesi-subat-ayinda-iscilerin-maaslarini-tam-olarak-yatiracak","status":"publish","type":"post","link":"https:\/\/www.egemtv.com\/?p=18176","title":{"rendered":"K\u00fctahya Belediyesi, \u015fubat ay\u0131nda i\u015f\u00e7ilerin maa\u015flar\u0131n\u0131 tam olarak yat\u0131racak"},"content":{"rendered":"<p>K\u00fctahya Belediyesi, belediye b\u00fcnyesinde \u00e7al\u0131\u015fan i\u015f\u00e7ilerin \u015fubat ay\u0131 maa\u015flar\u0131n\u0131 tam olarak yat\u0131r\u0131laca\u011f\u0131n\u0131 duyurdu.<br \/>\n<br \/>Belediyede ya\u015fanan mali s\u0131k\u0131nt\u0131lar nedeniyle son iki ayd\u0131r i\u015f\u00e7i maa\u015flar\u0131nda y\u00fczde 25 oran\u0131nda kesinti yap\u0131l\u0131rken, bu ay maa\u015flar\u0131n eksiksiz \u00f6denece\u011fi bildirildi.<br \/>\n<br \/>Belediye taraf\u0131ndan yap\u0131lan a\u00e7\u0131klamada, &#8220;Kamuoyunda bilindi\u011fi \u00fczere belediye b\u00fct\u00e7emizde ya\u015fanan mali s\u0131k\u0131nt\u0131lar sebebiyle i\u015f\u00e7i maa\u015flar\u0131m\u0131z son iki ayd\u0131r y\u00fczde 25 kesintiyle yat\u0131r\u0131lmaktayd\u0131. Yapt\u0131\u011f\u0131m\u0131z \u00f6zverili \u00e7al\u0131\u015fmalar neticesinde i\u015f\u00e7ilerimizin \u015fubat ay\u0131 maa\u015flar\u0131 hesaplar\u0131na tam olarak yat\u0131r\u0131lacakt\u0131r. Her \u015fartta \u00e7al\u0131\u015fanlar\u0131m\u0131z\u0131n eme\u011finin ve al\u0131n terinin kar\u015f\u0131l\u0131\u011f\u0131n\u0131 verme gayreti i\u00e7erisinde olmaya devam edece\u011fiz&#8221; ifadelerine yer verildi.<br \/><\/p>\n","protected":false},"excerpt":{"rendered":"<p>K\u00fctahya Belediyesi, belediye b\u00fcnyesinde \u00e7al\u0131\u015fan i\u015f\u00e7ilerin \u015fubat ay\u0131 maa\u015flar\u0131n\u0131 tam olarak yat\u0131r\u0131laca\u011f\u0131n\u0131 duyurdu. Belediyede ya\u015fanan mali s\u0131k\u0131nt\u0131lar nedeniyle son iki ayd\u0131r i\u015f\u00e7i maa\u015flar\u0131nda y\u00fczde 25 oran\u0131nda kesinti yap\u0131l\u0131rken, bu ay maa\u015flar\u0131n eksiksiz \u00f6denece\u011fi bildirildi. Belediye taraf\u0131ndan yap\u0131lan a\u00e7\u0131klamada, &#8220;Kamuoyunda bilindi\u011fi \u00fczere belediye b\u00fct\u00e7emizde ya\u015fanan mali s\u0131k\u0131nt\u0131lar sebebiyle i\u015f\u00e7i maa\u015flar\u0131m\u0131z son iki ayd\u0131r y\u00fczde 25 kesintiyle&#8230;<\/p>\n","protected":false},"author":1,"featured_media":18177,"comment_status":"open","ping_status":"open","sticky":false,"template":"","format":"standard","meta":{"_crdt_document":"","footnotes":""},"categories":[123],"tags":[],"class_list":["post-18176","post","type-post","status-publish","format-standard","has-post-thumbnail","hentry","category-gundem"],"_links":{"self":[{"href":"https:\/\/www.egemtv.com\/index.php?rest_route=\/wp\/v2\/posts\/18176","targetHints":{"allow":["GET"]}}],"collection":[{"href":"https:\/\/www.egemtv.com\/index.php?rest_route=\/wp\/v2\/posts"}],"about":[{"href":"https:\/\/www.egemtv.com\/index.php?rest_route=\/wp\/v2\/types\/post"}],"author":[{"embeddable":true,"href":"https:\/\/www.egemtv.com\/index.php?rest_route=\/wp\/v2\/users\/1"}],"replies":[{"embeddable":true,"href":"https:\/\/www.egemtv.com\/index.php?rest_route=%2Fwp%2Fv2%2Fcomments&post=18176"}],"version-history":[{"count":1,"href":"https:\/\/www.egemtv.com\/index.php?rest_route=\/wp\/v2\/posts\/18176\/revisions"}],"predecessor-version":[{"id":18178,"href":"https:\/\/www.egemtv.com\/index.php?rest_route=\/wp\/v2\/posts\/18176\/revisions\/18178"}],"wp:featuredmedia":[{"embeddable":true,"href":"https:\/\/www.egemtv.com\/index.php?rest_route=\/wp\/v2\/media\/18177"}],"wp:attachment":[{"href":"https:\/\/www.egemtv.com\/index.php?rest_route=%2Fwp%2Fv2%2Fmedia&parent=18176"}],"wp:term":[{"taxonomy":"category","embeddable":true,"href":"https:\/\/www.egemtv.com\/index.php?rest_route=%2Fwp%2Fv2%2Fcategories&post=18176"},{"taxonomy":"post_tag","embeddable":true,"href":"https:\/\/www.egemtv.com\/index.php?rest_route=%2Fwp%2Fv2%2Ftags&post=18176"}],"curies":[{"name":"wp","href":"https:\/\/api.w.org\/{rel}","templated":true}]}}