{"id":18173,"date":"2025-02-12T19:27:28","date_gmt":"2025-02-12T16:27:28","guid":{"rendered":"https:\/\/www.egemtv.com\/?p=18173"},"modified":"2025-02-12T19:27:33","modified_gmt":"2025-02-12T16:27:33","slug":"isparta-valisi-erin-tum-cabamiz-kayip-evladimizi-sag-salim-ailesine-kavusturmak","status":"publish","type":"post","link":"https:\/\/www.egemtv.com\/?p=18173","title":{"rendered":"Isparta Valisi Erin: &#8220;T\u00fcm \u00e7abam\u0131z, kay\u0131p evlad\u0131m\u0131z\u0131 sa\u011f salim ailesine kavu\u015fturmak&#8221;"},"content":{"rendered":"<p>Isparta Valisi Abdullah Erin, 16 ya\u015f\u0131ndaki Kemal Aks\u00fczek\u2019in kaybolmas\u0131n\u0131n ard\u0131ndan ba\u015flat\u0131lan arama \u00e7al\u0131\u015fmalar\u0131n\u0131n aral\u0131ks\u0131z s\u00fcrd\u00fc\u011f\u00fcn\u00fc a\u00e7\u0131klad\u0131. Erin, vatanda\u015flar\u0131n yapaca\u011f\u0131 ihbarlar\u0131n \u00f6nemine dikkat \u00e7ekerek, &#8220;T\u00fcm \u00e7abam\u0131z, evlad\u0131m\u0131z\u0131 sa\u011f salim ailesine kavu\u015fturmak&#8221; dedi.<br \/>\n<br \/>Isparta Valisi Abdullah Erin, 16 ya\u015f\u0131ndaki Kemal Aks\u00fczek\u2019in kaybolmas\u0131yla ilgili a\u00e7\u0131klamalarda bulundu. Vali Erin, 10 \u015eubat 2025 tarihinde saat 21.35\u2019te gelen ihbar \u00fczerine harekete ge\u00e7ildi\u011fini ve arama \u00e7al\u0131\u015fmalar\u0131n\u0131n \u00fc\u00e7\u00fcnc\u00fc g\u00fcn\u00fcnde de aral\u0131ks\u0131z devam etti\u011fini belirtti.<\/p>\n<p>140-150 personelle geni\u015f kapsaml\u0131 arama<br \/>\n<br \/>Valili\u011fin koordinasyonunda y\u00fcr\u00fct\u00fclen \u00e7al\u0131\u015fmalara kolluk kuvvetlerinin yan\u0131 s\u0131ra E\u011firdir Komando Tugay\u0131, askeri birlikler, AFAD ve \u00e7e\u015fitli kurumlardan gelen ekiplerin de destek verdi\u011fini belirten Vali Erin, &#8220;Antalya ve Afyon ba\u015fta olmak \u00fczere kom\u015fu illerden de takviye ekipler \u00e7al\u0131\u015fmalara kat\u0131ld\u0131. \u015eu ana kadar 11 kilometrekarelik bir alan\u0131n tarand\u0131 ve belirlenen baz\u0131 b\u00f6lgelerin ise birka\u00e7 kez kontrol edildi&#8221; \u015feklinde konu\u015ftu.<\/p>\n<p>\u0130HA\u2019lar ve teknolojik destek kullan\u0131l\u0131yor<br \/>\n<br \/>Arama faaliyetlerinde teknolojiden de yararlan\u0131ld\u0131\u011f\u0131n\u0131 belirten Vali Erin, &#8220;Havadan \u0130HA\u2019lar arac\u0131l\u0131\u011f\u0131yla t\u00fcm ormanl\u0131k alanlar ve \u00e7ocu\u011fumuzun ula\u015fabilece\u011fi b\u00f6lgeler titizlikle inceleniyor. Kolluk kuvvetlerimiz, adli birimlerimiz ve istihbarat birimlerimiz de s\u00fcreci yak\u0131ndan takip ediyor. En k\u00fc\u00e7\u00fck bir ihbar\u0131 bile de\u011ferlendirmeye alarak \u00e7al\u0131\u015fmalar\u0131m\u0131z\u0131 y\u00f6nlendiriyoruz&#8221; dedi.<\/p>\n<p>&#8220;T\u00fcm \u00e7abam\u0131z, evlad\u0131m\u0131z\u0131 sa\u011f salim ailesine kavu\u015fturmak&#8221;<br \/>\n<br \/>\u00c7al\u0131\u015fmalar\u0131 bizzat sahada takip etti\u011fini vurgulayan Vali Erin, vatanda\u015flara da \u00e7a\u011fr\u0131da bulunarak, &#8220;T\u00fcm duam\u0131z ve \u00e7abam\u0131z, 16 ya\u015f\u0131ndaki evlad\u0131m\u0131z\u0131n sa\u011f salim bulunmas\u0131d\u0131r. Vatanda\u015flar\u0131m\u0131z\u0131n, kay\u0131p \u00e7ocu\u011fumuzla ilgili en ufak bir bilgiye ula\u015fmalar\u0131 halinde bunu vakit kaybetmeden kolluk birimlerimizle payla\u015fmalar\u0131n\u0131 rica ediyoruz&#8221; ifadelerini kulland\u0131.<br \/>\n<br \/>Arama \u00e7al\u0131\u015fmalar\u0131n\u0131n kesintisiz s\u00fcrd\u00fc\u011f\u00fcn\u00fc belirten Erin, ekiplerin alandaki incelemelerine devam edece\u011fini ve geli\u015fmelerin kamuoyuyla payla\u015f\u0131laca\u011f\u0131n\u0131 kaydetti.<br \/><\/p>\n","protected":false},"excerpt":{"rendered":"<p>Isparta Valisi Abdullah Erin, 16 ya\u015f\u0131ndaki Kemal Aks\u00fczek\u2019in kaybolmas\u0131n\u0131n ard\u0131ndan ba\u015flat\u0131lan arama \u00e7al\u0131\u015fmalar\u0131n\u0131n aral\u0131ks\u0131z s\u00fcrd\u00fc\u011f\u00fcn\u00fc a\u00e7\u0131klad\u0131. Erin, vatanda\u015flar\u0131n yapaca\u011f\u0131 ihbarlar\u0131n \u00f6nemine dikkat \u00e7ekerek, &#8220;T\u00fcm \u00e7abam\u0131z, evlad\u0131m\u0131z\u0131 sa\u011f salim ailesine kavu\u015fturmak&#8221; dedi. Isparta Valisi Abdullah Erin, 16 ya\u015f\u0131ndaki Kemal Aks\u00fczek\u2019in kaybolmas\u0131yla ilgili a\u00e7\u0131klamalarda bulundu. Vali Erin, 10 \u015eubat 2025 tarihinde saat 21.35\u2019te gelen ihbar \u00fczerine harekete&#8230;<\/p>\n","protected":false},"author":1,"featured_media":18174,"comment_status":"open","ping_status":"open","sticky":false,"template":"","format":"standard","meta":{"_crdt_document":"","footnotes":""},"categories":[5],"tags":[],"class_list":["post-18173","post","type-post","status-publish","format-standard","has-post-thumbnail","hentry","category-asayis"],"_links":{"self":[{"href":"https:\/\/www.egemtv.com\/index.php?rest_route=\/wp\/v2\/posts\/18173","targetHints":{"allow":["GET"]}}],"collection":[{"href":"https:\/\/www.egemtv.com\/index.php?rest_route=\/wp\/v2\/posts"}],"about":[{"href":"https:\/\/www.egemtv.com\/index.php?rest_route=\/wp\/v2\/types\/post"}],"author":[{"embeddable":true,"href":"https:\/\/www.egemtv.com\/index.php?rest_route=\/wp\/v2\/users\/1"}],"replies":[{"embeddable":true,"href":"https:\/\/www.egemtv.com\/index.php?rest_route=%2Fwp%2Fv2%2Fcomments&post=18173"}],"version-history":[{"count":1,"href":"https:\/\/www.egemtv.com\/index.php?rest_route=\/wp\/v2\/posts\/18173\/revisions"}],"predecessor-version":[{"id":18175,"href":"https:\/\/www.egemtv.com\/index.php?rest_route=\/wp\/v2\/posts\/18173\/revisions\/18175"}],"wp:featuredmedia":[{"embeddable":true,"href":"https:\/\/www.egemtv.com\/index.php?rest_route=\/wp\/v2\/media\/18174"}],"wp:attachment":[{"href":"https:\/\/www.egemtv.com\/index.php?rest_route=%2Fwp%2Fv2%2Fmedia&parent=18173"}],"wp:term":[{"taxonomy":"category","embeddable":true,"href":"https:\/\/www.egemtv.com\/index.php?rest_route=%2Fwp%2Fv2%2Fcategories&post=18173"},{"taxonomy":"post_tag","embeddable":true,"href":"https:\/\/www.egemtv.com\/index.php?rest_route=%2Fwp%2Fv2%2Ftags&post=18173"}],"curies":[{"name":"wp","href":"https:\/\/api.w.org\/{rel}","templated":true}]}}