{"id":18170,"date":"2025-02-12T18:13:10","date_gmt":"2025-02-12T15:13:10","guid":{"rendered":"https:\/\/www.egemtv.com\/?p=18170"},"modified":"2025-02-12T18:13:13","modified_gmt":"2025-02-12T15:13:13","slug":"denizlinin-yuksek-kesimlerinde-kar-yagisi-basladi","status":"publish","type":"post","link":"https:\/\/www.egemtv.com\/?p=18170","title":{"rendered":"Denizli\u2019nin y\u00fcksek kesimlerinde kar ya\u011f\u0131\u015f\u0131 ba\u015flad\u0131"},"content":{"rendered":"<p>Denizli\u2019de son g\u00fcnlerde etkinli olan a\u015f\u0131r\u0131 so\u011fuklar\u0131n ard\u0131ndan, bug\u00fcn \u00f6\u011fleden sonrada itibaren y\u00fcksek  kesimlerdeki il\u00e7elerde kar ya\u011f\u0131\u015f\u0131 ba\u015flad\u0131.<\/p>\n<p>Denizli\u2019de son 15 g\u00fcnd\u00fcr etkili olarak a\u015f\u0131r\u0131 so\u011fuklar\u0131n ard\u0131ndan, meteorolojinin uyar\u0131 yapt\u0131\u011f\u0131 kar ya\u011f\u0131\u015f\u0131 y\u00fcksek kesimlerdeki il\u00e7elerden ba\u015flad\u0131. Bug\u00fcn \u00f6\u011fle saatlerinden sonra Denizli\u2019nin y\u00fcksek rak\u0131ma sahip olan il\u00e7elerinde kar ya\u011f\u0131\u015f\u0131 y\u00fcz\u00fcn\u00fc g\u00f6sterdi. Denizli\u2019nin \u00c7al ve Buldan il\u00e7elerinin yan\u0131 s\u0131ra de y\u00fcksek kesimlerde g\u00f6r\u00fclen kar ya\u011f\u0131\u015f\u0131n\u0131n aral\u0131klarla hafta sonuna kadar etkisini s\u00fcrd\u00fcrmesinin beklendi\u011fi bildirildi.<br \/><\/p>\n","protected":false},"excerpt":{"rendered":"<p>Denizli\u2019de son g\u00fcnlerde etkinli olan a\u015f\u0131r\u0131 so\u011fuklar\u0131n ard\u0131ndan, bug\u00fcn \u00f6\u011fleden sonrada itibaren y\u00fcksek kesimlerdeki il\u00e7elerde kar ya\u011f\u0131\u015f\u0131 ba\u015flad\u0131. Denizli\u2019de son 15 g\u00fcnd\u00fcr etkili olarak a\u015f\u0131r\u0131 so\u011fuklar\u0131n ard\u0131ndan, meteorolojinin uyar\u0131 yapt\u0131\u011f\u0131 kar ya\u011f\u0131\u015f\u0131 y\u00fcksek kesimlerdeki il\u00e7elerden ba\u015flad\u0131. Bug\u00fcn \u00f6\u011fle saatlerinden sonra Denizli\u2019nin y\u00fcksek rak\u0131ma sahip olan il\u00e7elerinde kar ya\u011f\u0131\u015f\u0131 y\u00fcz\u00fcn\u00fc g\u00f6sterdi. Denizli\u2019nin \u00c7al ve Buldan il\u00e7elerinin&#8230;<\/p>\n","protected":false},"author":1,"featured_media":18171,"comment_status":"open","ping_status":"open","sticky":false,"template":"","format":"standard","meta":{"_crdt_document":"","footnotes":""},"categories":[1],"tags":[],"class_list":["post-18170","post","type-post","status-publish","format-standard","has-post-thumbnail","hentry","category-guncel"],"_links":{"self":[{"href":"https:\/\/www.egemtv.com\/index.php?rest_route=\/wp\/v2\/posts\/18170","targetHints":{"allow":["GET"]}}],"collection":[{"href":"https:\/\/www.egemtv.com\/index.php?rest_route=\/wp\/v2\/posts"}],"about":[{"href":"https:\/\/www.egemtv.com\/index.php?rest_route=\/wp\/v2\/types\/post"}],"author":[{"embeddable":true,"href":"https:\/\/www.egemtv.com\/index.php?rest_route=\/wp\/v2\/users\/1"}],"replies":[{"embeddable":true,"href":"https:\/\/www.egemtv.com\/index.php?rest_route=%2Fwp%2Fv2%2Fcomments&post=18170"}],"version-history":[{"count":1,"href":"https:\/\/www.egemtv.com\/index.php?rest_route=\/wp\/v2\/posts\/18170\/revisions"}],"predecessor-version":[{"id":18172,"href":"https:\/\/www.egemtv.com\/index.php?rest_route=\/wp\/v2\/posts\/18170\/revisions\/18172"}],"wp:featuredmedia":[{"embeddable":true,"href":"https:\/\/www.egemtv.com\/index.php?rest_route=\/wp\/v2\/media\/18171"}],"wp:attachment":[{"href":"https:\/\/www.egemtv.com\/index.php?rest_route=%2Fwp%2Fv2%2Fmedia&parent=18170"}],"wp:term":[{"taxonomy":"category","embeddable":true,"href":"https:\/\/www.egemtv.com\/index.php?rest_route=%2Fwp%2Fv2%2Fcategories&post=18170"},{"taxonomy":"post_tag","embeddable":true,"href":"https:\/\/www.egemtv.com\/index.php?rest_route=%2Fwp%2Fv2%2Ftags&post=18170"}],"curies":[{"name":"wp","href":"https:\/\/api.w.org\/{rel}","templated":true}]}}