{"id":18167,"date":"2025-02-12T17:41:01","date_gmt":"2025-02-12T14:41:01","guid":{"rendered":"https:\/\/www.egemtv.com\/?p=18167"},"modified":"2025-02-12T17:41:06","modified_gmt":"2025-02-12T14:41:06","slug":"kazada-yaralanip-ailesini-kaybeden-guresci-beytullah-saridan-muhtesem-donus","status":"publish","type":"post","link":"https:\/\/www.egemtv.com\/?p=18167","title":{"rendered":"Kazada yaralan\u0131p ailesini kaybeden g\u00fcre\u015f\u00e7i Beytullah Sar\u0131\u2019dan muhte\u015fem d\u00f6n\u00fc\u015f"},"content":{"rendered":"<p>Ya\u015fad\u0131\u011f\u0131 trafik kazas\u0131 sonras\u0131 aile fertlerini kaybeden, aylarca yo\u011fun bak\u0131mda kalan ve sonras\u0131nda iki b\u00fcy\u00fck ameliyat ge\u00e7iren Denizlili G\u00fcre\u015f\u00e7i Beytullah Sar\u0131, k\u0131sa zamanda muhte\u015fem bir d\u00f6n\u00fc\u015fle T\u00fcrkiye \u015eampiyonas\u0131nda mindere \u00e7\u0131kt\u0131. 92 kilogramda T\u00fcrkiye \u00dc\u00e7\u00fcnc\u00fcs\u00fc olarak bronz madalya kazanan gen\u00e7 sporcu azmiyle adeta yeniden do\u011fdu.<\/p>\n<p>T\u00fcrkiye G\u00fcre\u015f Federasyonu taraf\u0131ndan K\u0131r\u015fehir\u2019de d\u00fczenlenen Okul Sporlar\u0131 G\u00fcre\u015f T\u00fcrkiye \u015eampiyonas\u0131 08-11 \u015eubat 2025 tarihlerinde ger\u00e7ekle\u015fti. 40 ilden 400 sporcunun m\u00fccadele etti\u011fi \u015fampiyonada Denizli Sporcu E\u011fitim Merkezi sporcusu Beytullah Sar\u0131, Anafartalar Anadolu Lisesi ad\u0131na Denizli\u2019yi temsil etti.  2023 y\u0131l\u0131 Temmuz ay\u0131nda ge\u00e7irdi\u011fi elim trafik kazas\u0131 sonucu yaralanan ve babas\u0131 ile kendisi gibi g\u00fcre\u015f\u00e7i olan abisini kaybeden Beytullah Sar\u0131, zor bir iyile\u015fme s\u00fcreci, ameliyatlar ve rehabilitasyonun ard\u0131ndan g\u00fcre\u015f kariyerine kald\u0131\u011f\u0131 yerden devam ediyor. 2025 y\u0131l\u0131na h\u0131zl\u0131 ba\u015flayan gen\u00e7 g\u00fcre\u015f\u00e7i, ne kadar formda oldu\u011funu Okul Sporlar\u0131 T\u00fcrkiye G\u00fcre\u015f \u015eampiyonas\u0131\u2019nda g\u00f6sterdi.<\/p>\n<p>92 kg Gen\u00e7-A kategorisinde elde etti\u011fi \u00fc\u00e7\u00fcnc\u00fcl\u00fck, onun azmini ve g\u00fcc\u00fcn\u00fc g\u00f6zler \u00f6n\u00fcne serdi. Sar\u0131\u2019n\u0131n bu ba\u015far\u0131s\u0131, sadece spora olan tutkusunu de\u011fil, ya\u015fad\u0131\u011f\u0131 zorluklara kar\u015f\u0131 g\u00f6sterdi\u011fi direncini de ortaya koyuyor.<br \/><\/p>\n","protected":false},"excerpt":{"rendered":"<p>Ya\u015fad\u0131\u011f\u0131 trafik kazas\u0131 sonras\u0131 aile fertlerini kaybeden, aylarca yo\u011fun bak\u0131mda kalan ve sonras\u0131nda iki b\u00fcy\u00fck ameliyat ge\u00e7iren Denizlili G\u00fcre\u015f\u00e7i Beytullah Sar\u0131, k\u0131sa zamanda muhte\u015fem bir d\u00f6n\u00fc\u015fle T\u00fcrkiye \u015eampiyonas\u0131nda mindere \u00e7\u0131kt\u0131. 92 kilogramda T\u00fcrkiye \u00dc\u00e7\u00fcnc\u00fcs\u00fc olarak bronz madalya kazanan gen\u00e7 sporcu azmiyle adeta yeniden do\u011fdu. T\u00fcrkiye G\u00fcre\u015f Federasyonu taraf\u0131ndan K\u0131r\u015fehir\u2019de d\u00fczenlenen Okul Sporlar\u0131 G\u00fcre\u015f T\u00fcrkiye \u015eampiyonas\u0131&#8230;<\/p>\n","protected":false},"author":1,"featured_media":18168,"comment_status":"open","ping_status":"open","sticky":false,"template":"","format":"standard","meta":{"_crdt_document":"","footnotes":""},"categories":[4],"tags":[],"class_list":["post-18167","post","type-post","status-publish","format-standard","has-post-thumbnail","hentry","category-spor"],"_links":{"self":[{"href":"https:\/\/www.egemtv.com\/index.php?rest_route=\/wp\/v2\/posts\/18167","targetHints":{"allow":["GET"]}}],"collection":[{"href":"https:\/\/www.egemtv.com\/index.php?rest_route=\/wp\/v2\/posts"}],"about":[{"href":"https:\/\/www.egemtv.com\/index.php?rest_route=\/wp\/v2\/types\/post"}],"author":[{"embeddable":true,"href":"https:\/\/www.egemtv.com\/index.php?rest_route=\/wp\/v2\/users\/1"}],"replies":[{"embeddable":true,"href":"https:\/\/www.egemtv.com\/index.php?rest_route=%2Fwp%2Fv2%2Fcomments&post=18167"}],"version-history":[{"count":1,"href":"https:\/\/www.egemtv.com\/index.php?rest_route=\/wp\/v2\/posts\/18167\/revisions"}],"predecessor-version":[{"id":18169,"href":"https:\/\/www.egemtv.com\/index.php?rest_route=\/wp\/v2\/posts\/18167\/revisions\/18169"}],"wp:featuredmedia":[{"embeddable":true,"href":"https:\/\/www.egemtv.com\/index.php?rest_route=\/wp\/v2\/media\/18168"}],"wp:attachment":[{"href":"https:\/\/www.egemtv.com\/index.php?rest_route=%2Fwp%2Fv2%2Fmedia&parent=18167"}],"wp:term":[{"taxonomy":"category","embeddable":true,"href":"https:\/\/www.egemtv.com\/index.php?rest_route=%2Fwp%2Fv2%2Fcategories&post=18167"},{"taxonomy":"post_tag","embeddable":true,"href":"https:\/\/www.egemtv.com\/index.php?rest_route=%2Fwp%2Fv2%2Ftags&post=18167"}],"curies":[{"name":"wp","href":"https:\/\/api.w.org\/{rel}","templated":true}]}}