{"id":18164,"date":"2025-02-12T17:07:36","date_gmt":"2025-02-12T14:07:36","guid":{"rendered":"https:\/\/www.egemtv.com\/?p=18164"},"modified":"2025-02-12T17:07:41","modified_gmt":"2025-02-12T14:07:41","slug":"turgutlunun-ornek-projesi-cocuk-kultur-ve-sanat-merkezi-ikinci-yilini-doldurdu","status":"publish","type":"post","link":"https:\/\/www.egemtv.com\/?p=18164","title":{"rendered":"Turgutlu\u2019nun \u00f6rnek projesi \u00c7ocuk K\u00fclt\u00fcr ve Sanat Merkezi ikinci y\u0131l\u0131n\u0131 doldurdu"},"content":{"rendered":"<p>Turgutlu Belediyesinin e\u011fitimde f\u0131rsat e\u015fitli\u011fi sa\u011flamak amac\u0131yla hayata ge\u00e7irdi\u011fi ve sunulan imkanlarla T\u00fcrkiye\u2019de bir ilk olan Mustafa Kemal Mahallesi \u00c7ocuk K\u00fclt\u00fcr Sanat Merkezi, ikinci y\u0131l\u0131n\u0131 doldurdu.<br \/>\n<br \/>Turgutlu Belediye Ba\u015fkan\u0131 \u00c7etin Ak\u0131n\u2019\u0131n e\u011fitimde f\u0131rsat e\u015fitli\u011fi sa\u011flamak amac\u0131yla hayata ge\u00e7irdi\u011fi, okul \u00f6ncesi e\u011fitim ve \u00fc\u00e7 \u00f6\u011f\u00fcn beslenme program\u0131n\u0131n \u00fccretsiz sundu\u011fu Mustafa Kemal Mahallesi \u00c7ocuk K\u00fclt\u00fcr Sanat Merkezi iki ya\u015f\u0131na girdi. Ge\u00e7ti\u011fimiz y\u0131l oldu\u011fu gibi bu y\u0131l da merkezin kurulu\u015f y\u0131l d\u00f6n\u00fcm\u00fc b\u00fcy\u00fck bir co\u015fkuyla kutland\u0131. E\u011fitim g\u00f6ren minik \u00f6\u011frenciler, \u00f6\u011fretmenleriyle birlikte haz\u0131rlad\u0131klar\u0131 g\u00f6sterileri sahneleyerek keyifli anlar ya\u015fad\u0131.<br \/>\n<br \/>Kutlama program\u0131na Turgutlu Belediye Ba\u015fkan\u0131 \u00c7etin Ak\u0131n, Belediye Ba\u015fkan Yard\u0131mc\u0131lar\u0131 H\u00fcseyin Maliz, Ali R\u0131za K\u0131ran, Evren Erba\u015f Ser, K\u00fclt\u00fcr ve Sosyal \u0130\u015fler M\u00fcd\u00fcr\u00fc B\u00fclent G\u00f6kmen de kat\u0131larak \u00e7ocuklar\u0131n mutlulu\u011funa ortak oldu.<br \/>\n<br \/>Turgutlu Belediye Ba\u015fkan\u0131 \u00c7etin Ak\u0131n, &#8220;Okul \u00f6ncesi e\u011fitimi ve \u00fc\u00e7 \u00f6\u011f\u00fcn beslenmeyi \u00fccretsiz vererek T\u00fcrkiye\u2019ye \u00f6rnek oldu\u011fumuz, bug\u00fcne kadar y\u00fczlerce \u00e7ocu\u011fumuza e\u011fitim verdi\u011fimiz Mustafa Kemal Mahallesi \u00c7ocuk K\u00fclt\u00fcr Sanat Merkezi\u2019mizin ikinci ya\u015f\u0131 i\u00e7in d\u00fczenlenen programa Ba\u015fkan Yard\u0131mc\u0131lar\u0131m\u0131z H\u00fcseyin Maliz, Ali R\u0131za K\u0131ran, Evren Erba\u015f Ser, K\u00fclt\u00fcr ve Sosyal \u0130\u015fler M\u00fcd\u00fcr\u00fcm\u00fcz B\u00fclent G\u00f6kmen ile birlikte kat\u0131ld\u0131k. Minik \u00f6\u011frencilerimizin haz\u0131rlad\u0131\u011f\u0131 g\u00f6sterilerle renklenen bu \u00f6zel g\u00fcnde, onlar\u0131n mutlulu\u011funu payla\u015fmak bizler i\u00e7in b\u00fcy\u00fck bir gurur kayna\u011f\u0131yd\u0131. E\u011fitimde f\u0131rsat e\u015fitli\u011fi i\u00e7in \u00e7\u0131kt\u0131\u011f\u0131m\u0131z bu yolda, \u00e7ocuklar\u0131m\u0131z\u0131n yar\u0131nlar\u0131na \u0131\u015f\u0131k tutmaya devam edece\u011fiz&#8221; dedi.<br \/><\/p>\n","protected":false},"excerpt":{"rendered":"<p>Turgutlu Belediyesinin e\u011fitimde f\u0131rsat e\u015fitli\u011fi sa\u011flamak amac\u0131yla hayata ge\u00e7irdi\u011fi ve sunulan imkanlarla T\u00fcrkiye\u2019de bir ilk olan Mustafa Kemal Mahallesi \u00c7ocuk K\u00fclt\u00fcr Sanat Merkezi, ikinci y\u0131l\u0131n\u0131 doldurdu. Turgutlu Belediye Ba\u015fkan\u0131 \u00c7etin Ak\u0131n\u2019\u0131n e\u011fitimde f\u0131rsat e\u015fitli\u011fi sa\u011flamak amac\u0131yla hayata ge\u00e7irdi\u011fi, okul \u00f6ncesi e\u011fitim ve \u00fc\u00e7 \u00f6\u011f\u00fcn beslenme program\u0131n\u0131n \u00fccretsiz sundu\u011fu Mustafa Kemal Mahallesi \u00c7ocuk K\u00fclt\u00fcr Sanat Merkezi&#8230;<\/p>\n","protected":false},"author":1,"featured_media":18165,"comment_status":"open","ping_status":"open","sticky":false,"template":"","format":"standard","meta":{"_crdt_document":"","footnotes":""},"categories":[1],"tags":[],"class_list":["post-18164","post","type-post","status-publish","format-standard","has-post-thumbnail","hentry","category-guncel"],"_links":{"self":[{"href":"https:\/\/www.egemtv.com\/index.php?rest_route=\/wp\/v2\/posts\/18164","targetHints":{"allow":["GET"]}}],"collection":[{"href":"https:\/\/www.egemtv.com\/index.php?rest_route=\/wp\/v2\/posts"}],"about":[{"href":"https:\/\/www.egemtv.com\/index.php?rest_route=\/wp\/v2\/types\/post"}],"author":[{"embeddable":true,"href":"https:\/\/www.egemtv.com\/index.php?rest_route=\/wp\/v2\/users\/1"}],"replies":[{"embeddable":true,"href":"https:\/\/www.egemtv.com\/index.php?rest_route=%2Fwp%2Fv2%2Fcomments&post=18164"}],"version-history":[{"count":1,"href":"https:\/\/www.egemtv.com\/index.php?rest_route=\/wp\/v2\/posts\/18164\/revisions"}],"predecessor-version":[{"id":18166,"href":"https:\/\/www.egemtv.com\/index.php?rest_route=\/wp\/v2\/posts\/18164\/revisions\/18166"}],"wp:featuredmedia":[{"embeddable":true,"href":"https:\/\/www.egemtv.com\/index.php?rest_route=\/wp\/v2\/media\/18165"}],"wp:attachment":[{"href":"https:\/\/www.egemtv.com\/index.php?rest_route=%2Fwp%2Fv2%2Fmedia&parent=18164"}],"wp:term":[{"taxonomy":"category","embeddable":true,"href":"https:\/\/www.egemtv.com\/index.php?rest_route=%2Fwp%2Fv2%2Fcategories&post=18164"},{"taxonomy":"post_tag","embeddable":true,"href":"https:\/\/www.egemtv.com\/index.php?rest_route=%2Fwp%2Fv2%2Ftags&post=18164"}],"curies":[{"name":"wp","href":"https:\/\/api.w.org\/{rel}","templated":true}]}}