{"id":18161,"date":"2025-02-12T17:03:16","date_gmt":"2025-02-12T14:03:16","guid":{"rendered":"https:\/\/www.egemtv.com\/?p=18161"},"modified":"2025-02-12T17:03:22","modified_gmt":"2025-02-12T14:03:22","slug":"manisada-bir-ton-sahte-icki-ele-gecirildi","status":"publish","type":"post","link":"https:\/\/www.egemtv.com\/?p=18161","title":{"rendered":"Manisa\u2019da bir ton sahte i\u00e7ki ele ge\u00e7irildi"},"content":{"rendered":"<p>Manisa\u2019n\u0131n Salihli il\u00e7esinde jandarma ekipleri taraf\u0131ndan bir ikamete d\u00fczenlenen operasyonda 10 litre rak\u0131 ve 990 litre \u015farap olmak \u00fczere toplam bir ton sahte i\u00e7ki ile dam\u0131tma d\u00fczene\u011fi ele ge\u00e7irildi.<br \/>\n<br \/>Manisa \u0130l Jandarma Komutanl\u0131\u011f\u0131 KOM \u015eube M\u00fcd\u00fcrl\u00fc\u011f\u00fc ve Salihli \u0130l\u00e7e Jandarma Komutanl\u0131\u011f\u0131na ba\u011fl\u0131 Merkez Karakol ve JASAT ekiplerinin, sorumluluk b\u00f6lgesinde istihbarat \u00e7al\u0131\u015fmas\u0131 sonucu A.A.\u2019n\u0131n (63) ikametinde sahte i\u00e7ki \u00fcretildi\u011fi bilgisi \u00fczerine harekete ge\u00e7ti. Operasyon d\u00fczenleyen ekipler, ikamette ve eklentilerinde yap\u0131lan aramada damacana ve pet \u015fi\u015feler i\u00e7erisinde 990 litre \u015farap ve 10 litre rak\u0131 olmak \u00fczere toplam bir ton sahte i\u00e7kinin yan\u0131 s\u0131ra 1 adet dam\u0131tma d\u00fczene\u011fi ele ge\u00e7irildi. Sahte i\u00e7kilere ve malzemelere el konulurken, g\u00f6zalt\u0131na al\u0131nan A.A., adli kontrol \u015fart\u0131yla serbest b\u0131rak\u0131ld\u0131.<br \/><\/p>\n","protected":false},"excerpt":{"rendered":"<p>Manisa\u2019n\u0131n Salihli il\u00e7esinde jandarma ekipleri taraf\u0131ndan bir ikamete d\u00fczenlenen operasyonda 10 litre rak\u0131 ve 990 litre \u015farap olmak \u00fczere toplam bir ton sahte i\u00e7ki ile dam\u0131tma d\u00fczene\u011fi ele ge\u00e7irildi. Manisa \u0130l Jandarma Komutanl\u0131\u011f\u0131 KOM \u015eube M\u00fcd\u00fcrl\u00fc\u011f\u00fc ve Salihli \u0130l\u00e7e Jandarma Komutanl\u0131\u011f\u0131na ba\u011fl\u0131 Merkez Karakol ve JASAT ekiplerinin, sorumluluk b\u00f6lgesinde istihbarat \u00e7al\u0131\u015fmas\u0131 sonucu A.A.\u2019n\u0131n (63) ikametinde&#8230;<\/p>\n","protected":false},"author":1,"featured_media":18162,"comment_status":"open","ping_status":"open","sticky":false,"template":"","format":"standard","meta":{"_crdt_document":"","footnotes":""},"categories":[5],"tags":[],"class_list":["post-18161","post","type-post","status-publish","format-standard","has-post-thumbnail","hentry","category-asayis"],"_links":{"self":[{"href":"https:\/\/www.egemtv.com\/index.php?rest_route=\/wp\/v2\/posts\/18161","targetHints":{"allow":["GET"]}}],"collection":[{"href":"https:\/\/www.egemtv.com\/index.php?rest_route=\/wp\/v2\/posts"}],"about":[{"href":"https:\/\/www.egemtv.com\/index.php?rest_route=\/wp\/v2\/types\/post"}],"author":[{"embeddable":true,"href":"https:\/\/www.egemtv.com\/index.php?rest_route=\/wp\/v2\/users\/1"}],"replies":[{"embeddable":true,"href":"https:\/\/www.egemtv.com\/index.php?rest_route=%2Fwp%2Fv2%2Fcomments&post=18161"}],"version-history":[{"count":1,"href":"https:\/\/www.egemtv.com\/index.php?rest_route=\/wp\/v2\/posts\/18161\/revisions"}],"predecessor-version":[{"id":18163,"href":"https:\/\/www.egemtv.com\/index.php?rest_route=\/wp\/v2\/posts\/18161\/revisions\/18163"}],"wp:featuredmedia":[{"embeddable":true,"href":"https:\/\/www.egemtv.com\/index.php?rest_route=\/wp\/v2\/media\/18162"}],"wp:attachment":[{"href":"https:\/\/www.egemtv.com\/index.php?rest_route=%2Fwp%2Fv2%2Fmedia&parent=18161"}],"wp:term":[{"taxonomy":"category","embeddable":true,"href":"https:\/\/www.egemtv.com\/index.php?rest_route=%2Fwp%2Fv2%2Fcategories&post=18161"},{"taxonomy":"post_tag","embeddable":true,"href":"https:\/\/www.egemtv.com\/index.php?rest_route=%2Fwp%2Fv2%2Ftags&post=18161"}],"curies":[{"name":"wp","href":"https:\/\/api.w.org\/{rel}","templated":true}]}}