{"id":18155,"date":"2025-02-12T17:03:06","date_gmt":"2025-02-12T14:03:06","guid":{"rendered":"https:\/\/www.egemtv.com\/?p=18155"},"modified":"2025-02-12T17:03:11","modified_gmt":"2025-02-12T14:03:11","slug":"vali-canbolat-tsunami-tahliye-plani-haritalari-olusturuldu","status":"publish","type":"post","link":"https:\/\/www.egemtv.com\/?p=18155","title":{"rendered":"Vali Canbolat: &#8220;Tsunami tahliye plan\u0131 haritalar\u0131 olu\u015fturuldu&#8221;"},"content":{"rendered":"<p>Santorini Adas\u0131\u2019ndaki sismik hareketler dolay\u0131s\u0131yla muhtemel risklere kar\u015f\u0131 \u00f6nlemlerin al\u0131nd\u0131\u011f\u0131n\u0131 ifade eden Ayd\u0131n Valisi Yakup Canbolat, &#8220;Haz\u0131rlanan senaryolar kapsam\u0131nda mevcut tehlike ve risk haritalar\u0131 ile tahliye haritalar\u0131 g\u00fcncellenerek tsunami tahliye plan\u0131 haritalar\u0131 olu\u015fturulmu\u015ftur&#8221; dedi. Vali Canbolat ayr\u0131ca, 5 farkl\u0131 AFAD \u0130l M\u00fcd\u00fcrl\u00fc\u011f\u00fc\u2019nden Didim ve Ku\u015fadas\u0131\u2019na 39 personelden olu\u015fan arama kurtarma ekiplerinin g\u00f6nderildi\u011fini a\u00e7\u0131klad\u0131.<br \/>\n<br \/>Ege Denizi Santorini Adas\u0131 ve \u00e7evresinde son g\u00fcnlerde artan sismik hareketlilik, yetkilileri harekete ge\u00e7irdi. Bu \u00e7er\u00e7evede Ayd\u0131n \u0130l Afet ve Acil Durum (AFAD) M\u00fcd\u00fcrl\u00fc\u011f\u00fc koordinasyonunda muhtemel risklere y\u00f6nelik Ege Denizi Santorini Adas\u0131 ve Civar\u0131ndaki Sismik Aktiviteye Y\u00f6nelik Olas\u0131 Risk De\u011ferlendirme Toplant\u0131s\u0131 d\u00fczenlendi. Ayd\u0131n Valisi Yakup Canbolat\u2019\u0131n da kat\u0131l\u0131m\u0131yla ger\u00e7ekle\u015ftirilen toplant\u0131da, heyet harita \u00fczerinden detayl\u0131 de\u011ferlendirmeler yaparak b\u00f6lgedeki durumu inceledi. \u0130ncelemelerin ard\u0131ndan muhtemel deprem, tsunami ve volkanik patlama risklerine dair a\u00e7\u0131klamalar yap\u0131ld\u0131.<br \/>\n<br \/>Toplant\u0131 sonras\u0131nda d\u00fczenlenen bas\u0131n a\u00e7\u0131klamas\u0131nda konu\u015fan Ayd\u0131n Valisi Yakup Canbolat, &#8220;Ege Denizi Santorini Adas\u0131\u2019nda 28 Ocak 2025 tarihinden itibaren g\u00f6r\u00fclen sismik aktivite sonucu meydana gelebilecek muhtemel daha b\u00fcy\u00fck bir deprem, tsunami veya bir volkanik patlaman\u0131n \u00fclkemiz k\u0131y\u0131lar\u0131 i\u00e7in olu\u015fturabilece\u011fi tehlikeler, al\u0131nan \u00f6nlem ve haz\u0131rl\u0131klar hakk\u0131nda ilgili kamu kurum ve kurulu\u015flar\u0131m\u0131z\u0131n \u00fcst d\u00fczey temsilcileri, uzman bilim insanlar\u0131m\u0131z, genel m\u00fcd\u00fcrlerimiz ve alan\u0131nda uzman ara\u015ft\u0131rmac\u0131lar\u0131n kat\u0131l\u0131m\u0131 ile bug\u00fcn kapsaml\u0131 bir toplant\u0131 ger\u00e7ekle\u015ftirdik. Ege Denizi\u2019nde ya\u015fanan hareketlili\u011fin yol a\u00e7aca\u011f\u0131 muhtemel riskler de\u011ferlendirilerek, ilk andan itibaren AFAD Ba\u015fkanl\u0131\u011f\u0131 ile koordineli bir \u015fekilde yerel y\u00f6netimlerimizden, g\u00fcvenlik g\u00fc\u00e7lerimize, akademisyenlerimizden sivil toplum kurulu\u015flar\u0131na kadar t\u00fcm payda\u015flar\u0131m\u0131zla i\u015f birli\u011fi i\u00e7erisinde riskleri en aza indirmek i\u00e7in \u00e7al\u0131\u015fmalar\u0131m\u0131z\u0131 Ayd\u0131n ili olarak s\u00fcrd\u00fcr\u00fcyoruz. Toplant\u0131m\u0131zda deprem, tsunami risklerine kar\u015f\u0131 erken uyar\u0131 sistemleri ve acil m\u00fcdahale planlar\u0131 detayl\u0131 bir \u015fekilde ele al\u0131nm\u0131\u015ft\u0131r. Haz\u0131rlanan senaryolar kapsam\u0131nda mevcut tehlike ve risk haritalar\u0131 ile tsunami olmas\u0131 durumunda, k\u0131y\u0131lardaki su basma seviyeleri ve tahliye haritalar\u0131 g\u00fcncellenerek tsunami tahliye plan\u0131 ve y\u00fcr\u00fcy\u00fc\u015f s\u00fcreleri haritalar\u0131 olu\u015fturulmu\u015ftur&#8221; dedi.<\/p>\n<p>&#8220;\u0130l\u00e7e Afet M\u00fcdahale Plan\u0131 ivedi olarak haz\u0131rlanm\u0131\u015ft\u0131r&#8221;<br \/>\n<br \/>5 farkl\u0131 AFAD \u0130l M\u00fcd\u00fcrl\u00fc\u011f\u00fc\u2019nden Ayd\u0131n\u2019a g\u00f6nderilen 39 personelden olu\u015fan arama ve kurtarma ekiplerinin Didim ve Ku\u015fadas\u0131\u2019nda konu\u015fland\u0131r\u0131ld\u0131\u011f\u0131n\u0131 s\u00f6zlerine ekleyen Vali Canbolat, &#8220;T\u00fcrkiye Afet M\u00fcdahale Plan\u0131 \u00e7er\u00e7evesinde olu\u015fturulan Ayd\u0131n \u0130l Afet M\u00fcdahale Plan\u0131 kapsam\u0131nda \u00e7al\u0131\u015fmalar de\u011ferlendirilmi\u015f, plan kapsam\u0131nda kapasite ve ihtiya\u00e7 analizleri yap\u0131lm\u0131\u015ft\u0131r. Ayd\u0131n \u0130l Afet M\u00fcdahale Plan\u0131na uyumlu Ku\u015fadas\u0131, Didim ve S\u00f6ke \u0130l\u00e7e Afet M\u00fcdahale Plan\u0131 ivedi olarak haz\u0131rlanm\u0131\u015f, Ayd\u0131n \u0130l Risk Azaltma Plan\u0131 kapsam\u0131nda yap\u0131lmas\u0131 gereken \u00e7al\u0131\u015fmalar h\u0131zland\u0131r\u0131lm\u0131\u015ft\u0131r. AFAD Ba\u015fkanl\u0131\u011f\u0131 taraf\u0131ndan tsunami ve acil durumlarda b\u00f6lge halk\u0131na uyar\u0131larda bulunmak amac\u0131yla mobil siren sistemi g\u00f6nderilerek 24 saat esas\u0131na g\u00f6re personel g\u00f6revlendirilmesi yap\u0131lm\u0131\u015f ve ayn\u0131 \u00e7al\u0131\u015fma prensibiyle Ku\u015fadas\u0131, Didim ve S\u00f6ke il\u00e7elerimizde k\u0131y\u0131lara gerekli duyurunun yap\u0131labilmesi i\u00e7in merkezi ezan sistemi aktif hale getirilmi\u015ftir. Yine AFAD Ba\u015fkanl\u0131\u011f\u0131 taraf\u0131ndan 5 AFAD il m\u00fcd\u00fcrl\u00fcklerinden 39 arama ve kurtarma personeli ilimize haz\u0131r k\u0131ta olarak g\u00f6nderilmi\u015ftir. G\u00f6revlendirilen personeller Ku\u015fadas\u0131 ve Didim il\u00e7elerinde konu\u015fland\u0131r\u0131lm\u0131\u015f n\u00f6bet sistemiyle \u00e7al\u0131\u015fmaya ba\u015flam\u0131\u015flard\u0131r&#8221; \u015feklinde konu\u015ftu.<\/p>\n<p>&#8220;Dezenformasyon i\u00e7erikli payla\u015f\u0131mlara itibar etmeyin&#8221;<br \/>\n<br \/>Ege Denizi k\u0131y\u0131lar\u0131nda ya\u015fanan su \u00e7ekilmelerinin sismik hareketlilik ile alakal\u0131 olmad\u0131\u011f\u0131n\u0131 ve dezenformasyon i\u00e7erikli payla\u015f\u0131mlara itibar edilmemesi gerekti\u011fini belirten Vali Canbolat, &#8220;Son g\u00fcnlerde bas\u0131nda denizlerde su \u00e7ekilmesi haberleri yer almaktad\u0131r. Bu durum tamamen meteorolojik bir durumdur. Ege Denizi\u2019ndeki sismik hareketlilikle bunun hi\u00e7 ilgisi bulunmamaktad\u0131r. Devletimizin ilgili b\u00fct\u00fcn bakanl\u0131klar\u0131 ve kurumlar\u0131 AFAD, MTA, Meteoroloji Genel M\u00fcd\u00fcrl\u00fc\u011f\u00fc, Kandilli Rasathanesi, Deprem Dan\u0131\u015fma Kurulu ve bilim insanlar\u0131, s\u00fcreci yakinen takip etmektedirler ve b\u00fct\u00fcn riskler 7\/24 takip edilip \u00f6l\u00e7\u00fclmekte ve de\u011ferlendirilmektedir. Vatanda\u015flar\u0131m\u0131z\u0131n sosyal medyada olu\u015fan dezenformasyon i\u00e7erikli payla\u015f\u0131mlara itibar etmemeleri, do\u011fru bilgi i\u00e7in resmi kaynaklar\u0131 takip etmelerini \u00f6zellikle rica ediyoruz&#8221; dedi.<br \/><\/p>\n","protected":false},"excerpt":{"rendered":"<p>Santorini Adas\u0131\u2019ndaki sismik hareketler dolay\u0131s\u0131yla muhtemel risklere kar\u015f\u0131 \u00f6nlemlerin al\u0131nd\u0131\u011f\u0131n\u0131 ifade eden Ayd\u0131n Valisi Yakup Canbolat, &#8220;Haz\u0131rlanan senaryolar kapsam\u0131nda mevcut tehlike ve risk haritalar\u0131 ile tahliye haritalar\u0131 g\u00fcncellenerek tsunami tahliye plan\u0131 haritalar\u0131 olu\u015fturulmu\u015ftur&#8221; dedi. Vali Canbolat ayr\u0131ca, 5 farkl\u0131 AFAD \u0130l M\u00fcd\u00fcrl\u00fc\u011f\u00fc\u2019nden Didim ve Ku\u015fadas\u0131\u2019na 39 personelden olu\u015fan arama kurtarma ekiplerinin g\u00f6nderildi\u011fini a\u00e7\u0131klad\u0131. Ege Denizi&#8230;<\/p>\n","protected":false},"author":1,"featured_media":18156,"comment_status":"open","ping_status":"open","sticky":false,"template":"","format":"standard","meta":{"_crdt_document":"","footnotes":""},"categories":[1],"tags":[],"class_list":["post-18155","post","type-post","status-publish","format-standard","has-post-thumbnail","hentry","category-guncel"],"_links":{"self":[{"href":"https:\/\/www.egemtv.com\/index.php?rest_route=\/wp\/v2\/posts\/18155","targetHints":{"allow":["GET"]}}],"collection":[{"href":"https:\/\/www.egemtv.com\/index.php?rest_route=\/wp\/v2\/posts"}],"about":[{"href":"https:\/\/www.egemtv.com\/index.php?rest_route=\/wp\/v2\/types\/post"}],"author":[{"embeddable":true,"href":"https:\/\/www.egemtv.com\/index.php?rest_route=\/wp\/v2\/users\/1"}],"replies":[{"embeddable":true,"href":"https:\/\/www.egemtv.com\/index.php?rest_route=%2Fwp%2Fv2%2Fcomments&post=18155"}],"version-history":[{"count":1,"href":"https:\/\/www.egemtv.com\/index.php?rest_route=\/wp\/v2\/posts\/18155\/revisions"}],"predecessor-version":[{"id":18157,"href":"https:\/\/www.egemtv.com\/index.php?rest_route=\/wp\/v2\/posts\/18155\/revisions\/18157"}],"wp:featuredmedia":[{"embeddable":true,"href":"https:\/\/www.egemtv.com\/index.php?rest_route=\/wp\/v2\/media\/18156"}],"wp:attachment":[{"href":"https:\/\/www.egemtv.com\/index.php?rest_route=%2Fwp%2Fv2%2Fmedia&parent=18155"}],"wp:term":[{"taxonomy":"category","embeddable":true,"href":"https:\/\/www.egemtv.com\/index.php?rest_route=%2Fwp%2Fv2%2Fcategories&post=18155"},{"taxonomy":"post_tag","embeddable":true,"href":"https:\/\/www.egemtv.com\/index.php?rest_route=%2Fwp%2Fv2%2Ftags&post=18155"}],"curies":[{"name":"wp","href":"https:\/\/api.w.org\/{rel}","templated":true}]}}