{"id":18152,"date":"2025-02-12T16:49:13","date_gmt":"2025-02-12T13:49:13","guid":{"rendered":"https:\/\/www.egemtv.com\/?p=18152"},"modified":"2025-02-12T16:49:19","modified_gmt":"2025-02-12T13:49:19","slug":"denizli-osb-baskani-baltali-sanayicilerimizle-birlikte-denizliyi-hak-ettigi-yere-tasiyacagiz","status":"publish","type":"post","link":"https:\/\/www.egemtv.com\/?p=18152","title":{"rendered":"Denizli OSB Ba\u015fkan\u0131 Baltal\u0131; &#8220;Sanayicilerimizle birlikte Denizli\u2019yi hak etti\u011fi yere ta\u015f\u0131yaca\u011f\u0131z&#8221;"},"content":{"rendered":"<p>Denizli Organize Sanayi B\u00f6lgesi Y\u00f6netim Kurulu Ba\u015fkan\u0131 Derya Baltal\u0131, b\u00f6lgede y\u00fcr\u00fct\u00fclen \u00e7al\u0131\u015fmalar\u0131 ve projeleri anlat\u0131rken, sanayi ve ekonomi ile ilgili g\u00fcncel durum, beklenti ve geli\u015fmeler hakk\u0131nda da bilgiler verdi.<\/p>\n<p>Nas\u0131l Bir Ekonomi Gazetesi Ege B\u00f6lge Temsilcisi Ya\u015far Ku\u015f ve Ege B\u00f6lge Reklam M\u00fcd\u00fcr\u00fc \u015eenay Yal\u0131n Denizli Organize Sanayi B\u00f6lgesi\u2019ni ziyaret ederek, yeni y\u00f6netime hay\u0131rl\u0131 olsun dileklerini ilettiler. Denizli OSB Y\u00f6netim Kurulu Ba\u015fkan\u0131 Derya Baltal\u0131, Denizli OSB Y\u00f6netim Kurulu \u00dcyesi \u0130smail Aslan, B\u00f6lge M\u00fcd\u00fcr\u00fc Ahmet Ta\u015f\u2019\u0131n ev sahipli\u011finde ger\u00e7ekle\u015fen ziyarette Ba\u015fkan Derya Baltal\u0131, nazik ziyaretleri i\u00e7in konuklar\u0131na te\u015fekk\u00fcr etti. Ba\u015fkan Derya Baltal\u0131, B\u00f6lge\u2019de ger\u00e7ekle\u015ftirilen \u00e7al\u0131\u015fmalar, D\u00fcnya Bankas\u0131 destekli G\u00fcne\u015f Enerjisi Projesi, Yeni Ar\u0131tma Tesisi ve \u0130leri Ar\u0131tma Tesisi projeleri, At\u0131ksuyun Geri Kazan\u0131m\u0131 Projesi ve bu kapsamda hayata ge\u00e7irilen Pilot Tesis, B\u00f6lge\u2019ye kazand\u0131r\u0131lacak en \u00f6nemli projelerden biri olan Denizli OSB Teknopark, B\u00f6lgedeki \u00e7al\u0131\u015fanlar\u0131n konut ihtiya\u00e7lar\u0131n\u0131 kar\u015f\u0131layacak ve istihdama b\u00fcy\u00fck katk\u0131lar sunacak olan Denizli OSB Toplu Konut Projesi, PA\u00dc OSB Poliklini\u011fine kazand\u0131r\u0131lmas\u0131 planlanan ameliyathaneler, DOSTEK Koleji ve DOSTEM Mesleki E\u011fitim Merkezi, B\u00f6lgede hizmet veren G\u00fcmr\u00fck M\u00fcd\u00fcrl\u00fc\u011f\u00fc ve DOHA\u015e A Tipi G\u00fcmr\u00fck Antrepo hakk\u0131nda bilgiler verdi.<br \/>\n<br \/>B\u00f6lge ve kent sanayisinde ve ekonomideki g\u00fcncel durum, beklentiler ve geli\u015fmeler hakk\u0131nda bilgiler veren Ba\u015fkan Derya Baltal\u0131, sanayicilerin d\u00fcnya ile rekabetteki yeri, s\u00fcrd\u00fcr\u00fclebilirlik ve Ye\u015fil OSB konular\u0131nda da g\u00f6r\u00fc\u015flerini payla\u015ft\u0131.<\/p>\n<p>&#8220;Sanayicilerimizle birlikte Denizli\u2019yi hak etti\u011fi yere ta\u015f\u0131yaca\u011f\u0131z&#8221;<br \/>\n<br \/>Y\u00f6netim olarak i\u015fbirli\u011fine \u00e7ok de\u011fer verdiklerini vurgulayan Denizli OSB Y\u00f6netim Kurulu Ba\u015fkan\u0131 Derya Baltal\u0131; &#8220;Sanayicilerimizle, yerel y\u00f6netimlerimizle, kentimizdeki kurum, kurulu\u015f ve sivil toplum \u00f6rg\u00fctlerimizle birlikte kurdu\u011fumuz g\u00fc\u00e7l\u00fc i\u015fbirli\u011fini s\u00fcrd\u00fcrmeyi \u00f6nceli\u011fimiz olarak g\u00f6r\u00fcyoruz. B\u00f6lgemize kazand\u0131raca\u011f\u0131m\u0131z t\u00fcm proje ve \u00e7al\u0131\u015fmalarda sanayicimizin deste\u011fini hissetmek bizlere g\u00fc\u00e7 veriyor. Denizli\u2019yi ve Denizli Organize Sanayi B\u00f6lgemizi sanayicilerimizle birlikte hak etti\u011fi yere ta\u015f\u0131yaca\u011f\u0131m\u0131za olan inanc\u0131m\u0131z tamd\u0131r. Bu inan\u00e7la \u00e7al\u0131\u015fmaya ve \u00fcretmeye devam edece\u011fiz&#8221; dedi.<br \/><\/p>\n","protected":false},"excerpt":{"rendered":"<p>Denizli Organize Sanayi B\u00f6lgesi Y\u00f6netim Kurulu Ba\u015fkan\u0131 Derya Baltal\u0131, b\u00f6lgede y\u00fcr\u00fct\u00fclen \u00e7al\u0131\u015fmalar\u0131 ve projeleri anlat\u0131rken, sanayi ve ekonomi ile ilgili g\u00fcncel durum, beklenti ve geli\u015fmeler hakk\u0131nda da bilgiler verdi. Nas\u0131l Bir Ekonomi Gazetesi Ege B\u00f6lge Temsilcisi Ya\u015far Ku\u015f ve Ege B\u00f6lge Reklam M\u00fcd\u00fcr\u00fc \u015eenay Yal\u0131n Denizli Organize Sanayi B\u00f6lgesi\u2019ni ziyaret ederek, yeni y\u00f6netime hay\u0131rl\u0131 olsun&#8230;<\/p>\n","protected":false},"author":1,"featured_media":18153,"comment_status":"open","ping_status":"open","sticky":false,"template":"","format":"standard","meta":{"_crdt_document":"","footnotes":""},"categories":[125],"tags":[],"class_list":["post-18152","post","type-post","status-publish","format-standard","has-post-thumbnail","hentry","category-ekonomi"],"_links":{"self":[{"href":"https:\/\/www.egemtv.com\/index.php?rest_route=\/wp\/v2\/posts\/18152","targetHints":{"allow":["GET"]}}],"collection":[{"href":"https:\/\/www.egemtv.com\/index.php?rest_route=\/wp\/v2\/posts"}],"about":[{"href":"https:\/\/www.egemtv.com\/index.php?rest_route=\/wp\/v2\/types\/post"}],"author":[{"embeddable":true,"href":"https:\/\/www.egemtv.com\/index.php?rest_route=\/wp\/v2\/users\/1"}],"replies":[{"embeddable":true,"href":"https:\/\/www.egemtv.com\/index.php?rest_route=%2Fwp%2Fv2%2Fcomments&post=18152"}],"version-history":[{"count":1,"href":"https:\/\/www.egemtv.com\/index.php?rest_route=\/wp\/v2\/posts\/18152\/revisions"}],"predecessor-version":[{"id":18154,"href":"https:\/\/www.egemtv.com\/index.php?rest_route=\/wp\/v2\/posts\/18152\/revisions\/18154"}],"wp:featuredmedia":[{"embeddable":true,"href":"https:\/\/www.egemtv.com\/index.php?rest_route=\/wp\/v2\/media\/18153"}],"wp:attachment":[{"href":"https:\/\/www.egemtv.com\/index.php?rest_route=%2Fwp%2Fv2%2Fmedia&parent=18152"}],"wp:term":[{"taxonomy":"category","embeddable":true,"href":"https:\/\/www.egemtv.com\/index.php?rest_route=%2Fwp%2Fv2%2Fcategories&post=18152"},{"taxonomy":"post_tag","embeddable":true,"href":"https:\/\/www.egemtv.com\/index.php?rest_route=%2Fwp%2Fv2%2Ftags&post=18152"}],"curies":[{"name":"wp","href":"https:\/\/api.w.org\/{rel}","templated":true}]}}