{"id":18149,"date":"2025-02-12T16:44:51","date_gmt":"2025-02-12T13:44:51","guid":{"rendered":"https:\/\/www.egemtv.com\/?p=18149"},"modified":"2025-02-12T16:44:57","modified_gmt":"2025-02-12T13:44:57","slug":"baskan-erdogan-merkez-bankasi-baskani-karahana-sektorlerin-taleplerini-iletti","status":"publish","type":"post","link":"https:\/\/www.egemtv.com\/?p=18149","title":{"rendered":"Ba\u015fkan Erdo\u011fan, Merkez Bankas\u0131 Ba\u015fkan\u0131 Karahan\u2019a sekt\u00f6rlerin taleplerini iletti"},"content":{"rendered":"<p>Denizli Ticaret Odas\u0131 Ba\u015fkan\u0131 U\u011fur Erdo\u011fan, TCMB Ba\u015fkan\u0131 Karahan\u2019a Denizli i\u015f d\u00fcnyas\u0131 ile \u00fcyelerinin istek, \u00f6neri ve beklentilerini anlatt\u0131 ve bir dosya halinde iletti. Olduk\u00e7a verimli ge\u00e7en bir organizasyon oldu\u011funu s\u00f6yleyen Ba\u015fkan Erdo\u011fan, Dr. Karahan\u2019a sekt\u00f6rlerinin taleplerine g\u00f6sterdi\u011fi yak\u0131n ilgisinden dolay\u0131 te\u015fekk\u00fcr etti.<\/p>\n<p>T\u00fcrkiye Cumhuriyet Merkez Bankas\u0131 (TCMB) Ba\u015fkan\u0131 Dr. Fatih Karahan, Eski\u015fehir ve U\u015fak\u2019tan sonra Denizli\u2019de ger\u00e7ekle\u015ftirilen TCMB Para Politikalar\u0131 ve Makroekonomik G\u00f6r\u00fcn\u00fcm Toplant\u0131s\u0131\u2019nda i\u015f d\u00fcnyas\u0131n\u0131n temsilcileri ile bir araya geldi. Toplant\u0131ya kat\u0131lanlar aras\u0131nda Denizli Ticaret Odas\u0131 (DTO) Ba\u015fkan\u0131 U\u011fur Erdo\u011fan da yer ald\u0131. Ba\u015fkan Erdo\u011fan, toplant\u0131n\u0131n sonras\u0131nda Merkez Bankas\u0131\u2019nda yeniden g\u00f6r\u00fc\u015ft\u00fc\u011f\u00fc TCMB Ba\u015fkan\u0131 Karahan\u2019a Denizli i\u015f d\u00fcnyas\u0131 ile \u00fcyelerinin istek, \u00f6neri ve beklentilerini anlatt\u0131 ve bir dosya halinde iletti. Olduk\u00e7a verimli ge\u00e7en bir organizasyon oldu\u011funu s\u00f6yleyen Ba\u015fkan Erdo\u011fan, Dr. Karahan\u2019a sekt\u00f6rlerinin taleplerine g\u00f6sterdi\u011fi yak\u0131n ilgisinden dolay\u0131 te\u015fekk\u00fcr etti.<\/p>\n<p>DTO Y\u00f6netim Kurulu Ba\u015fkan\u0131 U\u011fur Erdo\u011fan, TCMB Para Politikalar\u0131 ve Makroekonomik G\u00f6r\u00fcn\u00fcm Toplant\u0131s\u0131 ile ilgili olarak &#8220;T\u00fcrkiye Cumhuriyet Merkez Bankas\u0131 Ba\u015fkan\u0131m\u0131z Dr. Fatih Karahan\u2019\u0131n TCMB Para Politikalar\u0131 ve Makroekonomik G\u00f6r\u00fcn\u00fcm Toplant\u0131s\u0131\u2019nda, i\u015f d\u00fcnyam\u0131z\u0131n ve sekt\u00f6rlerimizin temsilcileriyle bir araya geldik. \u0130\u015f insanlar\u0131m\u0131z ile Denizli Ticaret Odam\u0131z\u0131n \u00fcyelerinin beklenti ve taleplerini ifade ettik.Organizasyona g\u00f6sterilen yo\u011fun ilgiden dolay\u0131 i\u015f insanlar\u0131m\u0131za, \u00fcyelerimize te\u015fekk\u00fcr ederiz&#8221; dedi.<\/p>\n<p>&#8220;Daha ya\u015fanabilir ve daha g\u00fc\u00e7l\u00fc bir Denizli hayal ediyoruz&#8221;<br \/>\n<br \/>Nihat Zeybekci Kongre ve K\u00fclt\u00fcr Merkezi\u2019ndeki toplant\u0131 sonras\u0131 i\u015f d\u00fcnyas\u0131 temsilcileri ile bu kez Merkez Bankas\u0131\u2019nda bir araya gelen Dr. Karahan\u2019a g\u00f6r\u00fc\u015fmelerde neler konu\u015fuldu\u011fuyla ilgili de bilgi veren Ba\u015fkan Erdo\u011fan, &#8220;\u0130\u015f d\u00fcnyam\u0131z\u0131n ve sekt\u00f6rlerimizin daha iyi olmas\u0131 i\u00e7in el birli\u011fiyle \u00e7al\u0131\u015f\u0131yoruz. Daha ya\u015fanabilir ve daha g\u00fc\u00e7l\u00fc bir Denizli hayal ediyoruz. Merkez Bankas\u0131 Ba\u015fkan\u0131m\u0131za, bu d\u00fc\u015f\u00fcncelerimizi gerek birebirde gerekse dosya halinde aktard\u0131k. \u0130lgilerinden dolay\u0131 te\u015fekk\u00fcr ederiz. D\u00f6viz kurlar\u0131 enflasyon art\u0131\u015f\u0131na paralel artmad\u0131\u011f\u0131 i\u00e7in, ihracat\u00e7\u0131 firmalar\u0131m\u0131z\u0131n rekabet etme \u015fans\u0131 ortadan kalk\u0131yor. Onun i\u00e7in, bu konuda bir d\u00fczenleme \u015fart. \u0130hracat Bedeli Kabul Belgesi d\u00fczenleme zorunlulu\u011funun 15 bin dolardan 50 bin dolara \u00e7\u0131kar\u0131lmas\u0131n\u0131n, b\u00fcrokratik i\u015flem y\u00fck\u00fcn\u00fc hafifletece\u011fini d\u00fc\u015f\u00fcnmekteyiz. \u0130hracat bedellerinin en az y\u00fczde 30\u2019unun T\u00fcrk liras\u0131na \u00e7evrilmesi zorunlulu\u011funun kald\u0131r\u0131lmas\u0131n\u0131 talep ediyoruz; \u015fayet olmayacaksa y\u00fczde 30 oran\u0131n\u0131n d\u00fc\u015f\u00fcr\u00fclmesini ya da ihracat\u00e7\u0131m\u0131za d\u00f6vizini TL\u2019ye \u00e7evirirken \u00f6zel sabit bir kur rejiminin uygulanmas\u0131n\u0131 \u00f6neriyoruz. 50 bin dolar ile alt\u0131ndaki \u0130hracat Bedeli Kabul Belgesi D\u00fczenleme (\u0130BKB) zorunlulu\u011funun kald\u0131r\u0131larak 50 bin \u00fczerindeki d\u00f6viz bedellerinin 180 g\u00fcn i\u00e7inde yurda ula\u015ft\u0131rma zorunlulu\u011funun esnetilmesi, hem ilgili ihracat\u00e7\u0131 firmalar baz\u0131nda b\u00fcrokrasiyi azaltacakt\u0131r hem de firmalara yasal i\u015flem ba\u015flat\u0131lmas\u0131n\u0131 gerektirmeyecektir. Rusya, \u00f6nemli ticari partnerlerimizden biridir. Bu b\u00f6lgede ya\u015fanan sava\u015f sonras\u0131nda Rus bankalar\u0131n\u0131n uluslararas\u0131 para aktar\u0131m sisteminden \u00e7\u0131kar\u0131lmas\u0131, Rusya Federasyonu ile ticaretimizi 2023\u2019ten 2024\u2019e y\u00fczde 17 azaltm\u0131\u015ft\u0131r. Bu sebeple, Rusya\u2019dan banka kanal\u0131 d\u0131\u015f\u0131nda gelen ihracat bedelleri i\u00e7in Nakit Beyan Formu d\u00fczenlenmesi zorunlulu\u011funun kald\u0131r\u0131lmas\u0131n\u0131n, faydal\u0131 olaca\u011f\u0131n\u0131 d\u00fc\u015f\u00fcn\u00fcyoruz&#8221; dedi.<\/p>\n<p>&#8220;Faiz indirimi politikas\u0131n\u0131n, her para kurulu toplant\u0131s\u0131nda devam ettirilmesi gerekti\u011fini d\u00fc\u015f\u00fcnmekteyiz&#8221;<br \/>\n<br \/>\u0130\u015f d\u00fcnyas\u0131n\u0131n beklentilerini ifade eden Ba\u015fkan Erdo\u011fan, &#8220;\u0130kili kur uygulamas\u0131 ve d\u00f6viz d\u00f6n\u00fc\u015f\u00fcm deste\u011finin y\u00fczde 2\u2019den y\u00fczde 4\u2019e y\u00fckseltilmesi, ihracat\u00e7\u0131 firmalar\u0131m\u0131z\u0131n rekabet g\u00fcc\u00fcn\u00fc art\u0131racakt\u0131r. T\u00fcrk Paras\u0131n\u0131n K\u0131ymetini Koruma Hakk\u0131ndaki Kanun gere\u011fi d\u00f6viz cinsinden \u00f6deme yap\u0131lamamaktad\u0131r. Fakat bu durum, para cinsleri aras\u0131nda \u00e7evirme i\u015flemi yap\u0131l\u0131rken, ciddi mali kay\u0131plara yol a\u00e7maktad\u0131r. Bu yasa\u011f\u0131n esnetilmesi, \u00fclkenin sermaye birikimine katk\u0131 sa\u011flayan firmalar\u0131m\u0131z\u0131n i\u015flemleri a\u00e7\u0131s\u0131ndan bir zorunluluktur. Bir s\u00fcredir ya\u015fanan y\u00fcksek enflasyon ve zaruri izlenen y\u00fcksek faiz politikas\u0131, finansmana eri\u015fimi g\u00fc\u00e7le\u015ftirmi\u015f gerek ihracat\u00e7\u0131lar\u0131 gerekse yeni yat\u0131r\u0131m yapacaklar\u0131 zora sokmu\u015ftur. Aral\u0131k ay\u0131nda ba\u015flat\u0131lan enflasyondaki d\u00fc\u015f\u00fc\u015fe paralel izlenen faiz indirimi politikas\u0131n\u0131n, her para kurulu toplant\u0131s\u0131nda devam ettirilmesi gerekti\u011fini d\u00fc\u015f\u00fcnmekteyiz. \u0130hracat\u00e7\u0131lar\u0131n gerek finansman maliyetleri gerekse finansmana eri\u015fim zorluklar\u0131 nedeniyle, uygun reeskont kredilerine y\u00f6neldikleri bilinmektedir. Fakat bunun i\u00e7in baz\u0131 y\u00fck\u00fcml\u00fcl\u00fcklere imza atmalar\u0131 ve \u00f6zellikle kredi vadesi boyunca d\u00f6viz al\u0131m\u0131 yapmama taahh\u00fcd\u00fcnde bulunmalar\u0131 gerekmektedir. Ancak d\u00f6viz almak zorunda kald\u0131klar\u0131nda ise cezalarla kar\u015f\u0131la\u015fmaktad\u0131rlar. Bu taahh\u00fcd\u00fcn kald\u0131r\u0131lmas\u0131n\u0131n, rahatlat\u0131c\u0131 olaca\u011f\u0131n\u0131 d\u00fc\u015f\u00fcnmekteyiz. Bankalara uygulanan reg\u00fclasyonlarda; TL kredilerde KOB\u0130\u2019ler i\u00e7in y\u00fczde 2,5; KOB\u0130 harici firmalarda y\u00fczde 2 ve Yabanc\u0131 Para kredilerde ise ayl\u0131k y\u00fczde 1 b\u00fcy\u00fcme rasyosu var. Firmalar\u0131n bankalarda limiti bulunmas\u0131na ra\u011fmen \u00f6demelerinden kaynaklanan banka finansman\u0131 kullanmak istediklerinde \u00f6rne\u011fin maa\u015f, \u00e7ek, SGK, vergi ya da piyasaya y\u00f6nelik ihtiya\u00e7lar\u0131nda reg\u00fclasyon nedeniyle kredi kullanamamaktad\u0131rlar. S\u0131k\u0131 para politikas\u0131 nedeniyle, firmalar\u0131m\u0131z \u00f6demelerinde ciddi bir zorluk ya\u015famaktad\u0131r. Piyasadaki talebi azaltmak i\u00e7in t\u00fcketimi k\u0131s\u0131c\u0131 kredi politikas\u0131na devam edilirken; di\u011fer taraftan da \u00fcretimi ve \u00f6zelikle imalat sanayi, yat\u0131r\u0131m\u0131, ihracat\u0131 ve lokomotif sekt\u00f6rleri te\u015fvik edici rahatlat\u0131c\u0131 bir kredi politikas\u0131 elzemdir. Kredi taban\u0131, her ay enflasyon a\u00e7\u0131kland\u0131ktan sonra ayl\u0131k bazda geni\u015fletilmelidir. Bankalar\u0131n kredi limitlerini art\u0131rmalar\u0131na da m\u00fcsaade edilmelidir&#8221; ifadelerini kulland\u0131.<br \/><\/p>\n","protected":false},"excerpt":{"rendered":"<p>Denizli Ticaret Odas\u0131 Ba\u015fkan\u0131 U\u011fur Erdo\u011fan, TCMB Ba\u015fkan\u0131 Karahan\u2019a Denizli i\u015f d\u00fcnyas\u0131 ile \u00fcyelerinin istek, \u00f6neri ve beklentilerini anlatt\u0131 ve bir dosya halinde iletti. Olduk\u00e7a verimli ge\u00e7en bir organizasyon oldu\u011funu s\u00f6yleyen Ba\u015fkan Erdo\u011fan, Dr. Karahan\u2019a sekt\u00f6rlerinin taleplerine g\u00f6sterdi\u011fi yak\u0131n ilgisinden dolay\u0131 te\u015fekk\u00fcr etti. T\u00fcrkiye Cumhuriyet Merkez Bankas\u0131 (TCMB) Ba\u015fkan\u0131 Dr. Fatih Karahan, Eski\u015fehir ve U\u015fak\u2019tan&#8230;<\/p>\n","protected":false},"author":1,"featured_media":18150,"comment_status":"open","ping_status":"open","sticky":false,"template":"","format":"standard","meta":{"_crdt_document":"","footnotes":""},"categories":[125],"tags":[],"class_list":["post-18149","post","type-post","status-publish","format-standard","has-post-thumbnail","hentry","category-ekonomi"],"_links":{"self":[{"href":"https:\/\/www.egemtv.com\/index.php?rest_route=\/wp\/v2\/posts\/18149","targetHints":{"allow":["GET"]}}],"collection":[{"href":"https:\/\/www.egemtv.com\/index.php?rest_route=\/wp\/v2\/posts"}],"about":[{"href":"https:\/\/www.egemtv.com\/index.php?rest_route=\/wp\/v2\/types\/post"}],"author":[{"embeddable":true,"href":"https:\/\/www.egemtv.com\/index.php?rest_route=\/wp\/v2\/users\/1"}],"replies":[{"embeddable":true,"href":"https:\/\/www.egemtv.com\/index.php?rest_route=%2Fwp%2Fv2%2Fcomments&post=18149"}],"version-history":[{"count":1,"href":"https:\/\/www.egemtv.com\/index.php?rest_route=\/wp\/v2\/posts\/18149\/revisions"}],"predecessor-version":[{"id":18151,"href":"https:\/\/www.egemtv.com\/index.php?rest_route=\/wp\/v2\/posts\/18149\/revisions\/18151"}],"wp:featuredmedia":[{"embeddable":true,"href":"https:\/\/www.egemtv.com\/index.php?rest_route=\/wp\/v2\/media\/18150"}],"wp:attachment":[{"href":"https:\/\/www.egemtv.com\/index.php?rest_route=%2Fwp%2Fv2%2Fmedia&parent=18149"}],"wp:term":[{"taxonomy":"category","embeddable":true,"href":"https:\/\/www.egemtv.com\/index.php?rest_route=%2Fwp%2Fv2%2Fcategories&post=18149"},{"taxonomy":"post_tag","embeddable":true,"href":"https:\/\/www.egemtv.com\/index.php?rest_route=%2Fwp%2Fv2%2Ftags&post=18149"}],"curies":[{"name":"wp","href":"https:\/\/api.w.org\/{rel}","templated":true}]}}