{"id":18146,"date":"2025-02-12T16:44:45","date_gmt":"2025-02-12T13:44:45","guid":{"rendered":"https:\/\/www.egemtv.com\/?p=18146"},"modified":"2025-02-12T16:44:51","modified_gmt":"2025-02-12T13:44:51","slug":"tff-2-lig-fethiyespor-0-altay-0","status":"publish","type":"post","link":"https:\/\/www.egemtv.com\/?p=18146","title":{"rendered":"TFF 2. Lig: Fethiyespor: 0 &#8211; Altay: 0"},"content":{"rendered":"<p>TFF 2. Lig Beyaz Grup 22. haftas\u0131nda sahas\u0131nda kar\u015f\u0131la\u015ft\u0131\u011f\u0131 Altay ile gols\u00fcz berabere kald\u0131.<\/p>\n<p>Hakemler: Yakup \u00d6zhan, O\u011fuzhan An\u0131l, Fatih Etirli<br \/>\n<br \/>Fethiyespor: Arda, Canberk, \u015eahan, \u00d6mer Berk, Berkay, Serdar \u00dcmit, Mehmet Kaan, Samed Hakan (Ali Ceylan dk. 46), \u00d6zcan (Emre Bekir dk. 74), \u00c7a\u011fan Kayra, Muhammet Enes<br \/>\n<br \/>Altay: Ula\u015f, Sefa, Murat Berkan, Murat Ulu\u00e7 (Mehmet Nur dk. 74), Emre, Yunus Efe, Ali, Kuban, Deniz, Onur, \u00d6zg\u00fcr<br \/>\n<br \/>Sar\u0131 kartlar: Emre (Altay), Serdar \u00dcmit, Muhammet Enes (Fethiyespor)<br \/><\/p>\n","protected":false},"excerpt":{"rendered":"<p>TFF 2. Lig Beyaz Grup 22. haftas\u0131nda sahas\u0131nda kar\u015f\u0131la\u015ft\u0131\u011f\u0131 Altay ile gols\u00fcz berabere kald\u0131. Hakemler: Yakup \u00d6zhan, O\u011fuzhan An\u0131l, Fatih Etirli Fethiyespor: Arda, Canberk, \u015eahan, \u00d6mer Berk, Berkay, Serdar \u00dcmit, Mehmet Kaan, Samed Hakan (Ali Ceylan dk. 46), \u00d6zcan (Emre Bekir dk. 74), \u00c7a\u011fan Kayra, Muhammet Enes Altay: Ula\u015f, Sefa, Murat Berkan, Murat Ulu\u00e7 (Mehmet&#8230;<\/p>\n","protected":false},"author":1,"featured_media":18147,"comment_status":"open","ping_status":"open","sticky":false,"template":"","format":"standard","meta":{"_crdt_document":"","footnotes":""},"categories":[4],"tags":[],"class_list":["post-18146","post","type-post","status-publish","format-standard","has-post-thumbnail","hentry","category-spor"],"_links":{"self":[{"href":"https:\/\/www.egemtv.com\/index.php?rest_route=\/wp\/v2\/posts\/18146","targetHints":{"allow":["GET"]}}],"collection":[{"href":"https:\/\/www.egemtv.com\/index.php?rest_route=\/wp\/v2\/posts"}],"about":[{"href":"https:\/\/www.egemtv.com\/index.php?rest_route=\/wp\/v2\/types\/post"}],"author":[{"embeddable":true,"href":"https:\/\/www.egemtv.com\/index.php?rest_route=\/wp\/v2\/users\/1"}],"replies":[{"embeddable":true,"href":"https:\/\/www.egemtv.com\/index.php?rest_route=%2Fwp%2Fv2%2Fcomments&post=18146"}],"version-history":[{"count":1,"href":"https:\/\/www.egemtv.com\/index.php?rest_route=\/wp\/v2\/posts\/18146\/revisions"}],"predecessor-version":[{"id":18148,"href":"https:\/\/www.egemtv.com\/index.php?rest_route=\/wp\/v2\/posts\/18146\/revisions\/18148"}],"wp:featuredmedia":[{"embeddable":true,"href":"https:\/\/www.egemtv.com\/index.php?rest_route=\/wp\/v2\/media\/18147"}],"wp:attachment":[{"href":"https:\/\/www.egemtv.com\/index.php?rest_route=%2Fwp%2Fv2%2Fmedia&parent=18146"}],"wp:term":[{"taxonomy":"category","embeddable":true,"href":"https:\/\/www.egemtv.com\/index.php?rest_route=%2Fwp%2Fv2%2Fcategories&post=18146"},{"taxonomy":"post_tag","embeddable":true,"href":"https:\/\/www.egemtv.com\/index.php?rest_route=%2Fwp%2Fv2%2Ftags&post=18146"}],"curies":[{"name":"wp","href":"https:\/\/api.w.org\/{rel}","templated":true}]}}