{"id":18143,"date":"2025-02-12T16:44:40","date_gmt":"2025-02-12T13:44:40","guid":{"rendered":"https:\/\/www.egemtv.com\/?p=18143"},"modified":"2025-02-12T16:44:45","modified_gmt":"2025-02-12T13:44:45","slug":"denizli-buyuksehir-belediyesi-mobil-ikram-araclari-hizmete-basladi","status":"publish","type":"post","link":"https:\/\/www.egemtv.com\/?p=18143","title":{"rendered":"Denizli B\u00fcy\u00fck\u015fehir Belediyesi mobil ikram ara\u00e7lar\u0131 hizmete ba\u015flad\u0131"},"content":{"rendered":"<p>Denizli B\u00fcy\u00fck\u015fehir Belediyesi taraf\u0131ndan hizmete sunulan mobil ikram ara\u00e7lar\u0131 so\u011fuk k\u0131\u015f g\u00fcnlerinde vatanda\u015fa \u00e7orba ve \u00e7ay ikram\u0131na ba\u015flad\u0131.<\/p>\n<p>Yeni mobil ikram ara\u00e7lar\u0131, pazar yerleri, meydanlar, hastaneler ve \u00fcniversite kamp\u00fcs\u00fc gibi yo\u011fun alanlarda hizmet vermeye devam ederken, ayn\u0131 zamanda acil durumlarda da kullan\u0131lmaya ba\u015fland\u0131. Yang\u0131n, do\u011fal afet ve benzeri kriz anlar\u0131nda vatanda\u015f\u0131n yan\u0131nda olmak i\u00e7in de tasarlanan mobil ara\u00e7 bu anlamda ilk mesaisini Pamukkale Mahallesi\u2019nde bir \u00f6zel engelli bak\u0131m merkezinde ya\u015fanan yang\u0131n sonras\u0131 Akk\u00f6y Sema Abdurrahman Karamanl\u0131o\u011flu Uygulama Oteli\u2018nde yapt\u0131. Denizli B\u00fcy\u00fck\u015fehir Belediyesi Sosyal Hizmetler Dairesi\u2019ne ba\u011fl\u0131 ekipler mobil ara\u00e7la otele nakledilen 80 civar\u0131nda vatanda\u015fa zor anlar\u0131nda s\u0131cak \u00e7orba ikram etti.<\/p>\n<p>So\u011fuk g\u00fcnlerde vatanda\u015fa s\u0131cak \u00e7\u00f6z\u00fcm<br \/>\n<br \/>Vatanda\u015flar taraf\u0131ndan b\u00fcy\u00fck ilgi g\u00f6ren mobil ikram arac\u0131 hizmetinin, belirlenen program dahilinde her g\u00fcn farkl\u0131 noktalarda devam edece\u011fi belirtildi. Sabah saatlerinden itibaren hizmet vermeye ba\u015flayan mobil ikram ekipleri, g\u00fcn boyunca belirlenen b\u00f6lgelerde vatanda\u015flara ula\u015f\u0131yor. Pazaryerlerinde sabah erken saatlerde esnafa ve al\u0131\u015fveri\u015fe gelen vatanda\u015flara s\u0131cak \u00e7orba ikram edilirken, \u00fcniversite b\u00f6lgesinde ise \u00f6\u011frencilere destek olmak amac\u0131yla ikramlar s\u00fcrd\u00fcr\u00fcl\u00fcyor.<\/p>\n<p>&#8220;B\u00fcy\u00fck bir aile olmaya devam edece\u011fiz&#8221;<br \/>\n<br \/>\u00d6te yandan B\u00fcy\u00fck\u015fehir Belediye Ba\u015fkan\u0131 B\u00fclent Nuri \u00c7avu\u015fo\u011flu, Delikli\u00e7\u0131nar Meydan\u0131\u2019nda mobil ikram arac\u0131n\u0131 ziyaret ederek vatanda\u015flarla bir araya geldi. Vatanda\u015flarla sohbet eden Ba\u015fkan \u00c7avu\u015fo\u011flu, sosyal dayan\u0131\u015fman\u0131n \u00f6nemine vurgu yaparak \u015fu a\u00e7\u0131klamalarda bulundu: &#8220;Denizli B\u00fcy\u00fck\u015fehir Belediyesi olarak, sadece ola\u011fan g\u00fcnlerde de\u011fil, kriz anlar\u0131nda da vatanda\u015f\u0131m\u0131z\u0131n yan\u0131nda olmaya devam edece\u011fiz. Yeni mobil ikram ara\u00e7lar\u0131m\u0131zla birlikte yard\u0131mla\u015fma ve dayan\u0131\u015fma k\u00fclt\u00fcr\u00fcn\u00fc daha da g\u00fc\u00e7lendirece\u011fiz. Hem\u015fehrilerimizle birlikte b\u00fcy\u00fck bir aile olmaya devam edece\u011fiz.&#8221; Ba\u015fkan \u00c7avu\u015fo\u011flu, mobil ikram hizmeti ile halktan olumlu geri d\u00f6n\u00fc\u015fler al\u0131nd\u0131\u011f\u0131 ve bu hizmetin daha da geli\u015ftirilerek s\u00fcrd\u00fcr\u00fclece\u011fini belirtti.<br \/><\/p>\n","protected":false},"excerpt":{"rendered":"<p>Denizli B\u00fcy\u00fck\u015fehir Belediyesi taraf\u0131ndan hizmete sunulan mobil ikram ara\u00e7lar\u0131 so\u011fuk k\u0131\u015f g\u00fcnlerinde vatanda\u015fa \u00e7orba ve \u00e7ay ikram\u0131na ba\u015flad\u0131. Yeni mobil ikram ara\u00e7lar\u0131, pazar yerleri, meydanlar, hastaneler ve \u00fcniversite kamp\u00fcs\u00fc gibi yo\u011fun alanlarda hizmet vermeye devam ederken, ayn\u0131 zamanda acil durumlarda da kullan\u0131lmaya ba\u015fland\u0131. Yang\u0131n, do\u011fal afet ve benzeri kriz anlar\u0131nda vatanda\u015f\u0131n yan\u0131nda olmak i\u00e7in de&#8230;<\/p>\n","protected":false},"author":1,"featured_media":18144,"comment_status":"open","ping_status":"open","sticky":false,"template":"","format":"standard","meta":{"_crdt_document":"","footnotes":""},"categories":[123],"tags":[],"class_list":["post-18143","post","type-post","status-publish","format-standard","has-post-thumbnail","hentry","category-gundem"],"_links":{"self":[{"href":"https:\/\/www.egemtv.com\/index.php?rest_route=\/wp\/v2\/posts\/18143","targetHints":{"allow":["GET"]}}],"collection":[{"href":"https:\/\/www.egemtv.com\/index.php?rest_route=\/wp\/v2\/posts"}],"about":[{"href":"https:\/\/www.egemtv.com\/index.php?rest_route=\/wp\/v2\/types\/post"}],"author":[{"embeddable":true,"href":"https:\/\/www.egemtv.com\/index.php?rest_route=\/wp\/v2\/users\/1"}],"replies":[{"embeddable":true,"href":"https:\/\/www.egemtv.com\/index.php?rest_route=%2Fwp%2Fv2%2Fcomments&post=18143"}],"version-history":[{"count":1,"href":"https:\/\/www.egemtv.com\/index.php?rest_route=\/wp\/v2\/posts\/18143\/revisions"}],"predecessor-version":[{"id":18145,"href":"https:\/\/www.egemtv.com\/index.php?rest_route=\/wp\/v2\/posts\/18143\/revisions\/18145"}],"wp:featuredmedia":[{"embeddable":true,"href":"https:\/\/www.egemtv.com\/index.php?rest_route=\/wp\/v2\/media\/18144"}],"wp:attachment":[{"href":"https:\/\/www.egemtv.com\/index.php?rest_route=%2Fwp%2Fv2%2Fmedia&parent=18143"}],"wp:term":[{"taxonomy":"category","embeddable":true,"href":"https:\/\/www.egemtv.com\/index.php?rest_route=%2Fwp%2Fv2%2Fcategories&post=18143"},{"taxonomy":"post_tag","embeddable":true,"href":"https:\/\/www.egemtv.com\/index.php?rest_route=%2Fwp%2Fv2%2Ftags&post=18143"}],"curies":[{"name":"wp","href":"https:\/\/api.w.org\/{rel}","templated":true}]}}