{"id":18140,"date":"2025-02-12T16:44:34","date_gmt":"2025-02-12T13:44:34","guid":{"rendered":"https:\/\/www.egemtv.com\/?p=18140"},"modified":"2025-02-12T16:44:39","modified_gmt":"2025-02-12T13:44:39","slug":"baskan-dogan-berat-kandili-kirilan-kalpleri-onarmak-icin-de-buyuk-bir-firsattir","status":"publish","type":"post","link":"https:\/\/www.egemtv.com\/?p=18140","title":{"rendered":"Ba\u015fkan Do\u011fan: &#8220;Berat Kandili k\u0131r\u0131lan kalpleri onarmak i\u00e7in de b\u00fcy\u00fck bir f\u0131rsatt\u0131r&#8221;"},"content":{"rendered":"<p>Berat Kandili dolay\u0131s\u0131yla bir mesaj\u0131 yay\u0131mlayan Merkezefendi Belediye Ba\u015fkan\u0131 \u015eeniz Do\u011fan, &#8220;\u0130drak edece\u011fimiz Berat Kandilinde, g\u00f6n\u00fcl huzuru ile karde\u015flik ve beraberli\u011fimizin g\u00fc\u00e7lenmesini temenni ediyorum&#8221; dedi.<\/p>\n<p>Merkezefendi Belediye Ba\u015fkan\u0131 \u015eeniz Do\u011fan, Berat Kandili dolay\u0131s\u0131yla bir mesaj\u0131 yay\u0131mlad\u0131. Berat Kandilinin k\u00f6t\u00fcl\u00fcklerden ve g\u00fcnahlardan ar\u0131nmak i\u00e7in bir f\u0131rsat oldu\u011funu belirten Ba\u015fkan Do\u011fan, &#8220;On bir ay\u0131n sultan\u0131 m\u00fcbarek Ramazan ay\u0131n\u0131 m\u00fcjdeleyen, ba\u011f\u0131\u015flanma kap\u0131lar\u0131n\u0131n sonuna kadar a\u00e7\u0131ld\u0131\u011f\u0131 Berat Kandiline ula\u015fman\u0131n mutlulu\u011funu ya\u015f\u0131yoruz. Kandiller, birlik ve beraberli\u011fin, karde\u015fli\u011fin ve dayan\u0131\u015fman\u0131n peki\u015fti\u011fi manevi de\u011feri y\u00fcksek \u00f6zel g\u00fcnlerdir. Kurtulu\u015f, il\u00e2h\u00ee af ve g\u00fcnahlardan ar\u0131nma gibi anlamlar\u0131 ruhunda bar\u0131nd\u0131ran Berat Kandili, insanlar aras\u0131ndaki darg\u0131nl\u0131klar\u0131 gidermek, k\u0131r\u0131lan kalpleri onarmak i\u00e7in de b\u00fcy\u00fck bir f\u0131rsatt\u0131r. \u0130drak edece\u011fimiz Berat Kandilinde, g\u00f6n\u00fcl huzuru ile karde\u015flik ve beraberli\u011fimizin g\u00fc\u00e7lenmesini temenni ediyorum. Bu duygu ve d\u00fc\u015f\u00fcncelerle, t\u00fcm hem\u015fehrilerimin ve \u0130slam aleminin Berat Kandilini kutluyor, bu gecede yap\u0131lan dualar\u0131n birlik ve beraberli\u011fimizin g\u00fc\u00e7lenmesine, insanl\u0131k aleminin bar\u0131\u015f ve huzurla daha ayd\u0131nl\u0131k yar\u0131nlara ula\u015fmas\u0131na vesile olmas\u0131n\u0131 diliyorum&#8221; dedi.<br \/><\/p>\n","protected":false},"excerpt":{"rendered":"<p>Berat Kandili dolay\u0131s\u0131yla bir mesaj\u0131 yay\u0131mlayan Merkezefendi Belediye Ba\u015fkan\u0131 \u015eeniz Do\u011fan, &#8220;\u0130drak edece\u011fimiz Berat Kandilinde, g\u00f6n\u00fcl huzuru ile karde\u015flik ve beraberli\u011fimizin g\u00fc\u00e7lenmesini temenni ediyorum&#8221; dedi. Merkezefendi Belediye Ba\u015fkan\u0131 \u015eeniz Do\u011fan, Berat Kandili dolay\u0131s\u0131yla bir mesaj\u0131 yay\u0131mlad\u0131. Berat Kandilinin k\u00f6t\u00fcl\u00fcklerden ve g\u00fcnahlardan ar\u0131nmak i\u00e7in bir f\u0131rsat oldu\u011funu belirten Ba\u015fkan Do\u011fan, &#8220;On bir ay\u0131n sultan\u0131 m\u00fcbarek Ramazan&#8230;<\/p>\n","protected":false},"author":1,"featured_media":18141,"comment_status":"open","ping_status":"open","sticky":false,"template":"","format":"standard","meta":{"_crdt_document":"","footnotes":""},"categories":[123],"tags":[],"class_list":["post-18140","post","type-post","status-publish","format-standard","has-post-thumbnail","hentry","category-gundem"],"_links":{"self":[{"href":"https:\/\/www.egemtv.com\/index.php?rest_route=\/wp\/v2\/posts\/18140","targetHints":{"allow":["GET"]}}],"collection":[{"href":"https:\/\/www.egemtv.com\/index.php?rest_route=\/wp\/v2\/posts"}],"about":[{"href":"https:\/\/www.egemtv.com\/index.php?rest_route=\/wp\/v2\/types\/post"}],"author":[{"embeddable":true,"href":"https:\/\/www.egemtv.com\/index.php?rest_route=\/wp\/v2\/users\/1"}],"replies":[{"embeddable":true,"href":"https:\/\/www.egemtv.com\/index.php?rest_route=%2Fwp%2Fv2%2Fcomments&post=18140"}],"version-history":[{"count":1,"href":"https:\/\/www.egemtv.com\/index.php?rest_route=\/wp\/v2\/posts\/18140\/revisions"}],"predecessor-version":[{"id":18142,"href":"https:\/\/www.egemtv.com\/index.php?rest_route=\/wp\/v2\/posts\/18140\/revisions\/18142"}],"wp:featuredmedia":[{"embeddable":true,"href":"https:\/\/www.egemtv.com\/index.php?rest_route=\/wp\/v2\/media\/18141"}],"wp:attachment":[{"href":"https:\/\/www.egemtv.com\/index.php?rest_route=%2Fwp%2Fv2%2Fmedia&parent=18140"}],"wp:term":[{"taxonomy":"category","embeddable":true,"href":"https:\/\/www.egemtv.com\/index.php?rest_route=%2Fwp%2Fv2%2Fcategories&post=18140"},{"taxonomy":"post_tag","embeddable":true,"href":"https:\/\/www.egemtv.com\/index.php?rest_route=%2Fwp%2Fv2%2Ftags&post=18140"}],"curies":[{"name":"wp","href":"https:\/\/api.w.org\/{rel}","templated":true}]}}