{"id":18131,"date":"2025-02-12T16:31:54","date_gmt":"2025-02-12T13:31:54","guid":{"rendered":"https:\/\/www.egemtv.com\/?p=18131"},"modified":"2025-02-12T16:31:57","modified_gmt":"2025-02-12T13:31:57","slug":"baskan-kamil-saracogluna-kizilaydan-gumus-madalya","status":"publish","type":"post","link":"https:\/\/www.egemtv.com\/?p=18131","title":{"rendered":"Ba\u015fkan Kamil Sara\u00e7o\u011flu\u2019na K\u0131z\u0131lay\u2019dan g\u00fcm\u00fc\u015f madalya"},"content":{"rendered":"<p>K\u00fctahya\u2019n\u0131n \u00f6nceki d\u00f6nem Belediye Ba\u015fkan\u0131 Kamil Sara\u00e7o\u011flu, T\u00fcrk K\u0131z\u0131lay\u2019a 25 kez kan ba\u011f\u0131\u015f\u0131nda bulunarak g\u00fcm\u00fc\u015f madalya ile \u00f6d\u00fcllendirildi.<br \/>\n<br \/>Kan ba\u011f\u0131\u015f\u0131n\u0131n \u00f6nemine dikkat \u00e7eken Sara\u00e7o\u011flu, sa\u011fl\u0131\u011f\u0131 elveren herkesi ba\u011f\u0131\u015f yapmaya davet ederek, &#8220;Kan Ba\u011f\u0131\u015f\u0131 Hayat Kurtar\u0131r. Sa\u011fl\u0131kl\u0131 olan her vatanda\u015f\u0131m\u0131z\u0131 kan ba\u011f\u0131\u015f\u0131nda bulunmaya, hayatlara umut olmaya \u00e7a\u011f\u0131r\u0131yorum&#8221; dedi.<br \/>\n<br \/>Ba\u011f\u0131\u015f s\u00fcrecinde destek veren K\u0131z\u0131lay personeline de te\u015fekk\u00fcr eden Sara\u00e7o\u011flu, kan ba\u011f\u0131\u015f\u0131n\u0131n toplumsal bir sorumluluk oldu\u011funu vurgulad\u0131.<br \/><\/p>\n","protected":false},"excerpt":{"rendered":"<p>K\u00fctahya\u2019n\u0131n \u00f6nceki d\u00f6nem Belediye Ba\u015fkan\u0131 Kamil Sara\u00e7o\u011flu, T\u00fcrk K\u0131z\u0131lay\u2019a 25 kez kan ba\u011f\u0131\u015f\u0131nda bulunarak g\u00fcm\u00fc\u015f madalya ile \u00f6d\u00fcllendirildi. Kan ba\u011f\u0131\u015f\u0131n\u0131n \u00f6nemine dikkat \u00e7eken Sara\u00e7o\u011flu, sa\u011fl\u0131\u011f\u0131 elveren herkesi ba\u011f\u0131\u015f yapmaya davet ederek, &#8220;Kan Ba\u011f\u0131\u015f\u0131 Hayat Kurtar\u0131r. Sa\u011fl\u0131kl\u0131 olan her vatanda\u015f\u0131m\u0131z\u0131 kan ba\u011f\u0131\u015f\u0131nda bulunmaya, hayatlara umut olmaya \u00e7a\u011f\u0131r\u0131yorum&#8221; dedi. Ba\u011f\u0131\u015f s\u00fcrecinde destek veren K\u0131z\u0131lay personeline de te\u015fekk\u00fcr&#8230;<\/p>\n","protected":false},"author":1,"featured_media":18132,"comment_status":"open","ping_status":"open","sticky":false,"template":"","format":"standard","meta":{"_crdt_document":"","footnotes":""},"categories":[2],"tags":[],"class_list":["post-18131","post","type-post","status-publish","format-standard","has-post-thumbnail","hentry","category-saglik"],"_links":{"self":[{"href":"https:\/\/www.egemtv.com\/index.php?rest_route=\/wp\/v2\/posts\/18131","targetHints":{"allow":["GET"]}}],"collection":[{"href":"https:\/\/www.egemtv.com\/index.php?rest_route=\/wp\/v2\/posts"}],"about":[{"href":"https:\/\/www.egemtv.com\/index.php?rest_route=\/wp\/v2\/types\/post"}],"author":[{"embeddable":true,"href":"https:\/\/www.egemtv.com\/index.php?rest_route=\/wp\/v2\/users\/1"}],"replies":[{"embeddable":true,"href":"https:\/\/www.egemtv.com\/index.php?rest_route=%2Fwp%2Fv2%2Fcomments&post=18131"}],"version-history":[{"count":1,"href":"https:\/\/www.egemtv.com\/index.php?rest_route=\/wp\/v2\/posts\/18131\/revisions"}],"predecessor-version":[{"id":18133,"href":"https:\/\/www.egemtv.com\/index.php?rest_route=\/wp\/v2\/posts\/18131\/revisions\/18133"}],"wp:featuredmedia":[{"embeddable":true,"href":"https:\/\/www.egemtv.com\/index.php?rest_route=\/wp\/v2\/media\/18132"}],"wp:attachment":[{"href":"https:\/\/www.egemtv.com\/index.php?rest_route=%2Fwp%2Fv2%2Fmedia&parent=18131"}],"wp:term":[{"taxonomy":"category","embeddable":true,"href":"https:\/\/www.egemtv.com\/index.php?rest_route=%2Fwp%2Fv2%2Fcategories&post=18131"},{"taxonomy":"post_tag","embeddable":true,"href":"https:\/\/www.egemtv.com\/index.php?rest_route=%2Fwp%2Fv2%2Ftags&post=18131"}],"curies":[{"name":"wp","href":"https:\/\/api.w.org\/{rel}","templated":true}]}}