{"id":18128,"date":"2025-02-12T16:31:27","date_gmt":"2025-02-12T13:31:27","guid":{"rendered":"https:\/\/www.egemtv.com\/?p=18128"},"modified":"2025-02-12T16:31:35","modified_gmt":"2025-02-12T13:31:35","slug":"baskan-takin-berat-kandili-vicdan-muhasebesi-yapmamiza-da-vesile-olacaktir","status":"publish","type":"post","link":"https:\/\/www.egemtv.com\/?p=18128","title":{"rendered":"Ba\u015fkan Tak\u0131n; &#8220;Berat Kandili vicdan muhasebesi yapmam\u0131za da vesile olacakt\u0131r&#8221;"},"content":{"rendered":"<p>Tavas Belediye Ba\u015fkan\u0131 Kadir Tat\u0131k, Berat Kandili mesaj\u0131nda; &#8220;Rabbimizin aff\u0131na s\u0131\u011f\u0131nmak i\u00e7in e\u015fsiz bir gece olan Berat Kandili elbette k\u0131r\u0131lan kalpleri onarmaya ve vicdan muhasebesi yapmam\u0131za da vesile olacakt\u0131r&#8221; dedi.<\/p>\n<p>Tavas Belediye Ba\u015fkan\u0131 Kadir Tat\u0131k, Berat Kandili m\u00fcnasebetiyle bir mesaj yay\u0131mlad\u0131. Ba\u015fkan Tat\u0131k, Ramazan-\u0131 \u015eerif\u2019in m\u00fcjdecisi olan Berat Gecesinin t\u00fcm \u0130slam alemine ve \u00fclkemize hay\u0131rlar getirmesini diledi.<\/p>\n<p>Belediye Ba\u015fkan\u0131 Kadir Tat\u0131k, berat\u0131n kelime anlam\u0131 olarak g\u00fcnahlardan ar\u0131nma anlamlar\u0131na geldi\u011fi ve bu gecede ibadet ile ge\u00e7irmenin \u00e7ok sevab\u0131 ve feyzi oldu\u011funu s\u00f6yledi. Ba\u015fkan Tat\u0131k, mesaj\u0131nda; &#8220;Kandiller sevgi, ho\u015fg\u00f6r\u00fc, birlik ve beraberli\u011fin en g\u00fczel \u015fekilde ya\u015fand\u0131\u011f\u0131 g\u00fcnlerdendir. Ramazan\u2019\u0131n m\u00fcjdecisi \u00fc\u00e7 aylar\u0131n feyz ve bereket kap\u0131lar\u0131ndan biri olan Berat Kandiline eri\u015fmenin mutlulu\u011funu ya\u015f\u0131yoruz. Vicdan muhasebesi ve kalp sorgulamas\u0131 i\u00e7in iyi bir f\u0131rsat olacak en g\u00fczel c\u00fcmlelerin en kalbi duygularla Rabbimize ula\u015ft\u0131r\u0131ld\u0131\u011f\u0131, sevgi ve t\u00fcm iyiliklerin s\u0131n\u0131rs\u0131z bir \u015fekilde istenece\u011fi bu gece, \u00fclkemize ve t\u00fcm \u0130slam \u00e2lemine kutlu olsun. Bu m\u00fcbarek gecede darg\u0131nl\u0131klar\u0131 unutmal\u0131, nefsimizle y\u00fczle\u015fip hata ve g\u00fcnahlar\u0131m\u0131z i\u00e7in y\u00fcce Allah\u2019\u0131m\u0131zdan af dilemeliyiz. Rabbimizin aff\u0131na s\u0131\u011f\u0131nmak i\u00e7in e\u015fsiz bir gece olan Berat Kandili elbette k\u0131r\u0131lan kalpleri onarmaya ve vicdan muhasebesi yapmam\u0131za da vesile olacakt\u0131r. Bu duygu ve d\u00fc\u015f\u00fcncelerle Tavasl\u0131 hem\u015fehrilerim ba\u015fta olmak \u00fczere t\u00fcm \u0130slam \u00e2leminin Berat Kandilini kutluyor, \u00fclkemizde bar\u0131\u015f, huzur ve karde\u015fli\u011fin daim olmas\u0131n\u0131 Cenab-\u0131 Allah\u2019tan niyaz ediyorum&#8221; ifadelerini kulland\u0131.<br \/><\/p>\n","protected":false},"excerpt":{"rendered":"<p>Tavas Belediye Ba\u015fkan\u0131 Kadir Tat\u0131k, Berat Kandili mesaj\u0131nda; &#8220;Rabbimizin aff\u0131na s\u0131\u011f\u0131nmak i\u00e7in e\u015fsiz bir gece olan Berat Kandili elbette k\u0131r\u0131lan kalpleri onarmaya ve vicdan muhasebesi yapmam\u0131za da vesile olacakt\u0131r&#8221; dedi. Tavas Belediye Ba\u015fkan\u0131 Kadir Tat\u0131k, Berat Kandili m\u00fcnasebetiyle bir mesaj yay\u0131mlad\u0131. Ba\u015fkan Tat\u0131k, Ramazan-\u0131 \u015eerif\u2019in m\u00fcjdecisi olan Berat Gecesinin t\u00fcm \u0130slam alemine ve \u00fclkemize hay\u0131rlar&#8230;<\/p>\n","protected":false},"author":1,"featured_media":18129,"comment_status":"open","ping_status":"open","sticky":false,"template":"","format":"standard","meta":{"_crdt_document":"","footnotes":""},"categories":[123],"tags":[],"class_list":["post-18128","post","type-post","status-publish","format-standard","has-post-thumbnail","hentry","category-gundem"],"_links":{"self":[{"href":"https:\/\/www.egemtv.com\/index.php?rest_route=\/wp\/v2\/posts\/18128","targetHints":{"allow":["GET"]}}],"collection":[{"href":"https:\/\/www.egemtv.com\/index.php?rest_route=\/wp\/v2\/posts"}],"about":[{"href":"https:\/\/www.egemtv.com\/index.php?rest_route=\/wp\/v2\/types\/post"}],"author":[{"embeddable":true,"href":"https:\/\/www.egemtv.com\/index.php?rest_route=\/wp\/v2\/users\/1"}],"replies":[{"embeddable":true,"href":"https:\/\/www.egemtv.com\/index.php?rest_route=%2Fwp%2Fv2%2Fcomments&post=18128"}],"version-history":[{"count":1,"href":"https:\/\/www.egemtv.com\/index.php?rest_route=\/wp\/v2\/posts\/18128\/revisions"}],"predecessor-version":[{"id":18130,"href":"https:\/\/www.egemtv.com\/index.php?rest_route=\/wp\/v2\/posts\/18128\/revisions\/18130"}],"wp:featuredmedia":[{"embeddable":true,"href":"https:\/\/www.egemtv.com\/index.php?rest_route=\/wp\/v2\/media\/18129"}],"wp:attachment":[{"href":"https:\/\/www.egemtv.com\/index.php?rest_route=%2Fwp%2Fv2%2Fmedia&parent=18128"}],"wp:term":[{"taxonomy":"category","embeddable":true,"href":"https:\/\/www.egemtv.com\/index.php?rest_route=%2Fwp%2Fv2%2Fcategories&post=18128"},{"taxonomy":"post_tag","embeddable":true,"href":"https:\/\/www.egemtv.com\/index.php?rest_route=%2Fwp%2Fv2%2Ftags&post=18128"}],"curies":[{"name":"wp","href":"https:\/\/api.w.org\/{rel}","templated":true}]}}