{"id":18125,"date":"2025-02-12T16:30:52","date_gmt":"2025-02-12T13:30:52","guid":{"rendered":"https:\/\/www.egemtv.com\/?p=18125"},"modified":"2025-02-12T16:31:00","modified_gmt":"2025-02-12T13:31:00","slug":"kusadasi-sahil-seridinde-tsunami-incelemesi","status":"publish","type":"post","link":"https:\/\/www.egemtv.com\/?p=18125","title":{"rendered":"Ku\u015fadas\u0131 sahil \u015feridinde \u2019tsunami\u2019 incelemesi"},"content":{"rendered":"<p>Ege Denizi\u2019nin Santorini Adas\u0131 a\u00e7\u0131klar\u0131nda sismik hareketlilik devam ederken Ku\u015fadas\u0131 Kaymakam\u0131 \u0130brahim Keklik, Afet ve Acil Durum Y\u00f6netimi Ba\u015fkanl\u0131\u011f\u0131 (AFAD), Maden Tetkik ve Arama Genel M\u00fcd\u00fcrl\u00fc\u011f\u00fc (MTA) yetkilileri ve bilim insanlar\u0131ndan olu\u015fan bir heyet, Ku\u015fadas\u0131\u2019n\u0131n k\u0131y\u0131 kesiminde ya\u015fanacak muhtemel bir tsunami etkisine kar\u015f\u0131 incelemelerde bulundu.<br \/>\n<br \/>Ege Denizi\u2019nin Santorini Adas\u0131 a\u00e7\u0131klar\u0131nda 28 Ocak\u2019ta ba\u015flayan sismik hareketlilik devam ediyor. B\u00f6lgede bug\u00fcne kadar meydana gelen deprem say\u0131s\u0131 bin 200\u2019\u00fc ge\u00e7ti. Depremlerin Ku\u015fadas\u0131\u2019nda da hissedilmesi \u00fczerine AFAD yetkilileri, Ku\u015fadas\u0131 Kaymakam\u0131 \u0130brahim Keklik ile bir araya gelerek makam\u0131nda bir toplant\u0131 yapt\u0131. Toplant\u0131ya AFAD Deprem ve Risk Azaltma Genel M\u00fcd\u00fcr\u00fc Prof. Dr. Orhan Tatar, AFAD Afetlere M\u00fcdahale Genel M\u00fcd\u00fcr\u00fc Dr. Sadi Ergin\u2019in yan\u0131 s\u0131ra MTA ve Bo\u011fazi\u00e7i \u00dcniversitesi Kandilli Rasathanesi g\u00f6revlileri ile deprem ve jeofizik alan\u0131nda \u00e7al\u0131\u015fan bilim insanlar\u0131 kat\u0131ld\u0131.<br \/>\n<br \/>Toplant\u0131dan sonra Kaymakam \u0130brahim Keklik ve beraberindekiler \u00f6nce Marina mevkisindeki Halk Plaj\u0131\u2019nda sonra da Davutlar Mahallesi sahil \u015feridinde incelemelerde bulundu. Son olarak G\u00fczel\u00e7aml\u0131 Mahallesi Dilek Yar\u0131madas\u0131 Milli Park\u0131\u2019na ge\u00e7en heyet, Ku\u015fadas\u0131\u2019n\u0131n Yunanistan\u2019\u0131n Sisam Adas\u0131\u2019na en yak\u0131n noktas\u0131 olan Dipburun mevkisini dola\u015farak ya\u015fanacak muhtemel bir tsunami ve etkilerine kar\u015f\u0131 fikir al\u0131\u015fveri\u015finde bulundu.<br \/><\/p>\n","protected":false},"excerpt":{"rendered":"<p>Ege Denizi\u2019nin Santorini Adas\u0131 a\u00e7\u0131klar\u0131nda sismik hareketlilik devam ederken Ku\u015fadas\u0131 Kaymakam\u0131 \u0130brahim Keklik, Afet ve Acil Durum Y\u00f6netimi Ba\u015fkanl\u0131\u011f\u0131 (AFAD), Maden Tetkik ve Arama Genel M\u00fcd\u00fcrl\u00fc\u011f\u00fc (MTA) yetkilileri ve bilim insanlar\u0131ndan olu\u015fan bir heyet, Ku\u015fadas\u0131\u2019n\u0131n k\u0131y\u0131 kesiminde ya\u015fanacak muhtemel bir tsunami etkisine kar\u015f\u0131 incelemelerde bulundu. Ege Denizi\u2019nin Santorini Adas\u0131 a\u00e7\u0131klar\u0131nda 28 Ocak\u2019ta ba\u015flayan sismik hareketlilik&#8230;<\/p>\n","protected":false},"author":1,"featured_media":18126,"comment_status":"open","ping_status":"open","sticky":false,"template":"","format":"standard","meta":{"_crdt_document":"","footnotes":""},"categories":[1],"tags":[],"class_list":["post-18125","post","type-post","status-publish","format-standard","has-post-thumbnail","hentry","category-guncel"],"_links":{"self":[{"href":"https:\/\/www.egemtv.com\/index.php?rest_route=\/wp\/v2\/posts\/18125","targetHints":{"allow":["GET"]}}],"collection":[{"href":"https:\/\/www.egemtv.com\/index.php?rest_route=\/wp\/v2\/posts"}],"about":[{"href":"https:\/\/www.egemtv.com\/index.php?rest_route=\/wp\/v2\/types\/post"}],"author":[{"embeddable":true,"href":"https:\/\/www.egemtv.com\/index.php?rest_route=\/wp\/v2\/users\/1"}],"replies":[{"embeddable":true,"href":"https:\/\/www.egemtv.com\/index.php?rest_route=%2Fwp%2Fv2%2Fcomments&post=18125"}],"version-history":[{"count":1,"href":"https:\/\/www.egemtv.com\/index.php?rest_route=\/wp\/v2\/posts\/18125\/revisions"}],"predecessor-version":[{"id":18127,"href":"https:\/\/www.egemtv.com\/index.php?rest_route=\/wp\/v2\/posts\/18125\/revisions\/18127"}],"wp:featuredmedia":[{"embeddable":true,"href":"https:\/\/www.egemtv.com\/index.php?rest_route=\/wp\/v2\/media\/18126"}],"wp:attachment":[{"href":"https:\/\/www.egemtv.com\/index.php?rest_route=%2Fwp%2Fv2%2Fmedia&parent=18125"}],"wp:term":[{"taxonomy":"category","embeddable":true,"href":"https:\/\/www.egemtv.com\/index.php?rest_route=%2Fwp%2Fv2%2Fcategories&post=18125"},{"taxonomy":"post_tag","embeddable":true,"href":"https:\/\/www.egemtv.com\/index.php?rest_route=%2Fwp%2Fv2%2Ftags&post=18125"}],"curies":[{"name":"wp","href":"https:\/\/api.w.org\/{rel}","templated":true}]}}