{"id":18122,"date":"2025-02-12T16:30:43","date_gmt":"2025-02-12T13:30:43","guid":{"rendered":"https:\/\/www.egemtv.com\/?p=18122"},"modified":"2025-02-12T16:30:52","modified_gmt":"2025-02-12T13:30:52","slug":"merkezefendide-ucretsiz-tyt-ve-ayt-deneme-sinavlari-devam-ediyor","status":"publish","type":"post","link":"https:\/\/www.egemtv.com\/?p=18122","title":{"rendered":"Merkezefendi\u2019de \u00fccretsiz TYT ve AYT deneme s\u0131navlar\u0131 devam ediyor"},"content":{"rendered":"<p>Merkezefendi Belediyesi taraf\u0131ndan \u00fcniversiteye haz\u0131rlanan \u00f6\u011frenciler i\u00e7in \u00fccretsiz TYT ve AYT deneme s\u0131navlar\u0131 ger\u00e7ekle\u015ftiriliyor. Ba\u015fkan Do\u011fan, &#8220;\u00d6\u011frencilerimize ba\u015far\u0131lar diliyorum&#8221; dedi.<br \/>\n<br \/>Merkezefendi Belediyesi\u2019nin e\u011fitime olan destekleri devam ediyor. Merkezefendi Belediyesi, \u00fcniversiteye haz\u0131rlanan \u00f6\u011frencilere y\u00f6nelik \u00fccretsiz TYT ve AYT deneme s\u0131navlar\u0131 d\u00fczenliyor. 22 \u015eubat Cumartesi g\u00fcn\u00fc AYT ve 23 \u015eubat Pazar g\u00fcn\u00fc TYT s\u0131nav\u0131 yap\u0131lacak. Her iki s\u0131nav da Bereketler Toplant\u0131 ve Sergi Salonu\u2019nda saat 10.00\u2019da ba\u015flayacak. Kontenjanla s\u0131n\u0131rl\u0131 olan \u00fccretsiz deneme s\u0131navlar\u0131na ba\u015fvurular, https:\/\/merkezefendi.bel.tr\/sinav\/ adresi \u00fczerinden yap\u0131lacak.<br \/><\/p>\n","protected":false},"excerpt":{"rendered":"<p>Merkezefendi Belediyesi taraf\u0131ndan \u00fcniversiteye haz\u0131rlanan \u00f6\u011frenciler i\u00e7in \u00fccretsiz TYT ve AYT deneme s\u0131navlar\u0131 ger\u00e7ekle\u015ftiriliyor. Ba\u015fkan Do\u011fan, &#8220;\u00d6\u011frencilerimize ba\u015far\u0131lar diliyorum&#8221; dedi. Merkezefendi Belediyesi\u2019nin e\u011fitime olan destekleri devam ediyor. Merkezefendi Belediyesi, \u00fcniversiteye haz\u0131rlanan \u00f6\u011frencilere y\u00f6nelik \u00fccretsiz TYT ve AYT deneme s\u0131navlar\u0131 d\u00fczenliyor. 22 \u015eubat Cumartesi g\u00fcn\u00fc AYT ve 23 \u015eubat Pazar g\u00fcn\u00fc TYT s\u0131nav\u0131 yap\u0131lacak. Her iki&#8230;<\/p>\n","protected":false},"author":1,"featured_media":18123,"comment_status":"open","ping_status":"open","sticky":false,"template":"","format":"standard","meta":{"_crdt_document":"","footnotes":""},"categories":[1],"tags":[],"class_list":["post-18122","post","type-post","status-publish","format-standard","has-post-thumbnail","hentry","category-guncel"],"_links":{"self":[{"href":"https:\/\/www.egemtv.com\/index.php?rest_route=\/wp\/v2\/posts\/18122","targetHints":{"allow":["GET"]}}],"collection":[{"href":"https:\/\/www.egemtv.com\/index.php?rest_route=\/wp\/v2\/posts"}],"about":[{"href":"https:\/\/www.egemtv.com\/index.php?rest_route=\/wp\/v2\/types\/post"}],"author":[{"embeddable":true,"href":"https:\/\/www.egemtv.com\/index.php?rest_route=\/wp\/v2\/users\/1"}],"replies":[{"embeddable":true,"href":"https:\/\/www.egemtv.com\/index.php?rest_route=%2Fwp%2Fv2%2Fcomments&post=18122"}],"version-history":[{"count":1,"href":"https:\/\/www.egemtv.com\/index.php?rest_route=\/wp\/v2\/posts\/18122\/revisions"}],"predecessor-version":[{"id":18124,"href":"https:\/\/www.egemtv.com\/index.php?rest_route=\/wp\/v2\/posts\/18122\/revisions\/18124"}],"wp:featuredmedia":[{"embeddable":true,"href":"https:\/\/www.egemtv.com\/index.php?rest_route=\/wp\/v2\/media\/18123"}],"wp:attachment":[{"href":"https:\/\/www.egemtv.com\/index.php?rest_route=%2Fwp%2Fv2%2Fmedia&parent=18122"}],"wp:term":[{"taxonomy":"category","embeddable":true,"href":"https:\/\/www.egemtv.com\/index.php?rest_route=%2Fwp%2Fv2%2Fcategories&post=18122"},{"taxonomy":"post_tag","embeddable":true,"href":"https:\/\/www.egemtv.com\/index.php?rest_route=%2Fwp%2Fv2%2Ftags&post=18122"}],"curies":[{"name":"wp","href":"https:\/\/api.w.org\/{rel}","templated":true}]}}