{"id":18119,"date":"2025-02-12T16:05:35","date_gmt":"2025-02-12T13:05:35","guid":{"rendered":"https:\/\/www.egemtv.com\/?p=18119"},"modified":"2025-02-12T16:05:38","modified_gmt":"2025-02-12T13:05:38","slug":"cezaevinden-yeni-cikti-yine-hirsizlik-yapti","status":"publish","type":"post","link":"https:\/\/www.egemtv.com\/?p=18119","title":{"rendered":"Cezaevinden yeni \u00e7\u0131kt\u0131, yine h\u0131rs\u0131zl\u0131k yapt\u0131"},"content":{"rendered":"<p>H\u0131rs\u0131zl\u0131ktan dolay\u0131 girdi\u011fi cezaevinden izinli \u00e7\u0131kan bir ki\u015fi, Mu\u011fla\u2019n\u0131n Mente\u015fe il\u00e7esinde yine h\u0131rs\u0131zl\u0131k yaparken i\u015fletme \u00e7al\u0131\u015fanlar\u0131na yakaland\u0131. \u015eahs\u0131n h\u0131rs\u0131zl\u0131k an\u0131 ise i\u015f yeri kameras\u0131na anbean yans\u0131d\u0131.<br \/>\n<br \/>Olay, Mente\u015fe il\u00e7esi \u015eeyh Mahallesi \u0130smet \u0130n\u00f6n\u00fc Caddesi \u00fczerindeki bir i\u015fletmede meydana geldi. \u0130\u015fletmeyi bir s\u00fcre d\u0131\u015far\u0131dan izleyen \u015fah\u0131s, \u00e7al\u0131\u015fan\u0131n d\u0131\u015far\u0131 \u00e7\u0131kt\u0131\u011f\u0131 anda i\u015fletmeye girerek direkt kasaya y\u00f6neldi. Kasadan para \u00e7alan \u015fahs\u0131, i\u015fletme \u00e7al\u0131\u015fanlar\u0131 yan sokakta yakalad\u0131. Olay\u0131n 112 Acil \u00c7a\u011fr\u0131 Merkezi \u00fczerinden polise bildirilmesinin ard\u0131ndan C.A. isimli \u015f\u00fcpheli g\u00f6zalt\u0131na al\u0131narak karakola g\u00f6t\u00fcr\u00fcld\u00fc. H\u0131rs\u0131zl\u0131k su\u00e7undan hapse giren ve izinle d\u0131\u015far\u0131 \u00e7\u0131kt\u0131\u011f\u0131 \u00f6\u011frenilen \u015fahs\u0131n izninin bitmesine iki g\u00fcn kald\u0131\u011f\u0131 belirtildi.<\/p>\n<p>H\u0131rs\u0131zl\u0131k an\u0131 g\u00fcvenlik kameras\u0131na yans\u0131d\u0131<br \/>\n<br \/>H\u0131rs\u0131zl\u0131k an\u0131 ise i\u015f yeri kameras\u0131 taraf\u0131ndan anbean g\u00f6r\u00fcnt\u00fclendi. G\u00f6r\u00fcnt\u00fcde bir ki\u015finin kap\u0131y\u0131 a\u00e7\u0131p i\u00e7eriye girerek kasadan paralar\u0131 almas\u0131 ve d\u0131\u015far\u0131ya \u00e7\u0131kmas\u0131 yer ald\u0131.<br \/><\/p>\n","protected":false},"excerpt":{"rendered":"<p>H\u0131rs\u0131zl\u0131ktan dolay\u0131 girdi\u011fi cezaevinden izinli \u00e7\u0131kan bir ki\u015fi, Mu\u011fla\u2019n\u0131n Mente\u015fe il\u00e7esinde yine h\u0131rs\u0131zl\u0131k yaparken i\u015fletme \u00e7al\u0131\u015fanlar\u0131na yakaland\u0131. \u015eahs\u0131n h\u0131rs\u0131zl\u0131k an\u0131 ise i\u015f yeri kameras\u0131na anbean yans\u0131d\u0131. Olay, Mente\u015fe il\u00e7esi \u015eeyh Mahallesi \u0130smet \u0130n\u00f6n\u00fc Caddesi \u00fczerindeki bir i\u015fletmede meydana geldi. \u0130\u015fletmeyi bir s\u00fcre d\u0131\u015far\u0131dan izleyen \u015fah\u0131s, \u00e7al\u0131\u015fan\u0131n d\u0131\u015far\u0131 \u00e7\u0131kt\u0131\u011f\u0131 anda i\u015fletmeye girerek direkt kasaya y\u00f6neldi. Kasadan&#8230;<\/p>\n","protected":false},"author":1,"featured_media":18120,"comment_status":"open","ping_status":"open","sticky":false,"template":"","format":"standard","meta":{"_crdt_document":"","footnotes":""},"categories":[5],"tags":[],"class_list":["post-18119","post","type-post","status-publish","format-standard","has-post-thumbnail","hentry","category-asayis"],"_links":{"self":[{"href":"https:\/\/www.egemtv.com\/index.php?rest_route=\/wp\/v2\/posts\/18119","targetHints":{"allow":["GET"]}}],"collection":[{"href":"https:\/\/www.egemtv.com\/index.php?rest_route=\/wp\/v2\/posts"}],"about":[{"href":"https:\/\/www.egemtv.com\/index.php?rest_route=\/wp\/v2\/types\/post"}],"author":[{"embeddable":true,"href":"https:\/\/www.egemtv.com\/index.php?rest_route=\/wp\/v2\/users\/1"}],"replies":[{"embeddable":true,"href":"https:\/\/www.egemtv.com\/index.php?rest_route=%2Fwp%2Fv2%2Fcomments&post=18119"}],"version-history":[{"count":1,"href":"https:\/\/www.egemtv.com\/index.php?rest_route=\/wp\/v2\/posts\/18119\/revisions"}],"predecessor-version":[{"id":18121,"href":"https:\/\/www.egemtv.com\/index.php?rest_route=\/wp\/v2\/posts\/18119\/revisions\/18121"}],"wp:featuredmedia":[{"embeddable":true,"href":"https:\/\/www.egemtv.com\/index.php?rest_route=\/wp\/v2\/media\/18120"}],"wp:attachment":[{"href":"https:\/\/www.egemtv.com\/index.php?rest_route=%2Fwp%2Fv2%2Fmedia&parent=18119"}],"wp:term":[{"taxonomy":"category","embeddable":true,"href":"https:\/\/www.egemtv.com\/index.php?rest_route=%2Fwp%2Fv2%2Fcategories&post=18119"},{"taxonomy":"post_tag","embeddable":true,"href":"https:\/\/www.egemtv.com\/index.php?rest_route=%2Fwp%2Fv2%2Ftags&post=18119"}],"curies":[{"name":"wp","href":"https:\/\/api.w.org\/{rel}","templated":true}]}}