{"id":18116,"date":"2025-02-12T16:00:00","date_gmt":"2025-02-12T13:00:00","guid":{"rendered":"https:\/\/www.egemtv.com\/?p=18116"},"modified":"2025-02-12T16:00:07","modified_gmt":"2025-02-12T13:00:07","slug":"agc-uyeleri-is-sagligi-ve-guvenligi-protokolu-ile-indirimden-faydalanacak","status":"publish","type":"post","link":"https:\/\/www.egemtv.com\/?p=18116","title":{"rendered":"AGC \u00fcyeleri i\u015f sa\u011fl\u0131\u011f\u0131 ve g\u00fcvenli\u011fi protokol\u00fc ile indirimden faydalanacak"},"content":{"rendered":"<p>Ayd\u0131n Gazeteciler Cemiyeti ile G\u00fczelhisar Ortak Sa\u011fl\u0131k G\u00fcvenlik Birimi Anonim \u015eirketi aras\u0131nda i\u015f sa\u011fl\u0131\u011f\u0131 ve g\u00fcvenli\u011fi protokol\u00fc imzaland\u0131. Gazete ve internet siteleri i\u015fletmecileri bu protokol ile i\u015f sa\u011fl\u0131\u011f\u0131 ve g\u00fcvenli\u011fi noktas\u0131nda indirim f\u0131rsat\u0131 sunulacak.<\/p>\n<p>6331 say\u0131l\u0131 \u0130\u015f Sa\u011fl\u0131\u011f\u0131 ve G\u00fcvenli\u011fi Kanunu 1 Ocak 2025 tarihi itibar\u0131yla t\u00fcm i\u015f yerleri i\u00e7in y\u00fcr\u00fcrl\u00fc\u011fe girdi. 50\u2019den az \u00e7al\u0131\u015fan\u0131 olan ve az tehlikeli s\u0131n\u0131fta yer alan i\u015f yerleri i\u00e7in i\u015f sa\u011fl\u0131\u011f\u0131 ve g\u00fcvenli\u011fi hizmetlerin yer ald\u0131\u011f\u0131 \u0130\u015f Sa\u011fl\u0131\u011f\u0131 ve G\u00fcvenli\u011fi Kanunun y\u00fcr\u00fcrl\u00fc\u011fe girmesiyle birlikte i\u015fletme sahipleri harekete ge\u00e7ti. \u0130\u015fverenler, \u00e7al\u0131\u015fanlar\u0131n\u0131n i\u015f sa\u011fl\u0131\u011f\u0131 ve g\u00fcvenli\u011fi i\u00e7in hizmet almaya ba\u015flad\u0131. Ayd\u0131n\u2019daki gazete ve internet sitesinde \u00e7al\u0131\u015fan\u0131 olan i\u015fletmelerin de kanunen i\u015f sa\u011fl\u0131\u011f\u0131 ve g\u00fcvenli\u011fi ile ilgili hizmeti almas\u0131 gerekiyor. Ayd\u0131n Gazeteciler Cemiyeti Ba\u015fkan\u0131 Erman \u00c7etin ile G\u00fczelhisar Ortak Sa\u011fl\u0131k G\u00fcvenlik Birimi Anonim \u015eirketi Y\u00f6netim Kurulu Ba\u015fkan\u0131 Mehmet Evren Karak\u00f6se aras\u0131nda protokol imzaland\u0131. Bu protokol ile gazete ve internet sitesi i\u015fletmeleri indirimlerden yararlanacak.<\/p>\n<p>Ayd\u0131n Gazeteciler Cemiyeti Ba\u015fkan\u0131 Erman \u00c7etin, &#8220;\u00dcye i\u015f yerlerimizin yeni \u00e7\u0131kan i\u015f sa\u011fl\u0131\u011f\u0131 ve g\u00fcvenli\u011fi kanunu kapsam\u0131nda daha kaliteli ve uygun fiyata hizmet almas\u0131 i\u00e7in G\u00fczelhisar Ortak Sa\u011fl\u0131k G\u00fcvenlik Birimi Anonim \u015eirketi ile protokol\u00fcm\u00fcz\u00fc ger\u00e7ekle\u015ftirdik. Bu anlamda bize her t\u00fcrl\u00fc deste\u011fi sa\u011flayan Mehmet Evren Karak\u00f6se\u2019ye te\u015fekk\u00fcr ederiz&#8221; dedi.<br \/><\/p>\n","protected":false},"excerpt":{"rendered":"<p>Ayd\u0131n Gazeteciler Cemiyeti ile G\u00fczelhisar Ortak Sa\u011fl\u0131k G\u00fcvenlik Birimi Anonim \u015eirketi aras\u0131nda i\u015f sa\u011fl\u0131\u011f\u0131 ve g\u00fcvenli\u011fi protokol\u00fc imzaland\u0131. Gazete ve internet siteleri i\u015fletmecileri bu protokol ile i\u015f sa\u011fl\u0131\u011f\u0131 ve g\u00fcvenli\u011fi noktas\u0131nda indirim f\u0131rsat\u0131 sunulacak. 6331 say\u0131l\u0131 \u0130\u015f Sa\u011fl\u0131\u011f\u0131 ve G\u00fcvenli\u011fi Kanunu 1 Ocak 2025 tarihi itibar\u0131yla t\u00fcm i\u015f yerleri i\u00e7in y\u00fcr\u00fcrl\u00fc\u011fe girdi. 50\u2019den az \u00e7al\u0131\u015fan\u0131&#8230;<\/p>\n","protected":false},"author":1,"featured_media":18117,"comment_status":"open","ping_status":"open","sticky":false,"template":"","format":"standard","meta":{"_crdt_document":"","footnotes":""},"categories":[1],"tags":[],"class_list":["post-18116","post","type-post","status-publish","format-standard","has-post-thumbnail","hentry","category-guncel"],"_links":{"self":[{"href":"https:\/\/www.egemtv.com\/index.php?rest_route=\/wp\/v2\/posts\/18116","targetHints":{"allow":["GET"]}}],"collection":[{"href":"https:\/\/www.egemtv.com\/index.php?rest_route=\/wp\/v2\/posts"}],"about":[{"href":"https:\/\/www.egemtv.com\/index.php?rest_route=\/wp\/v2\/types\/post"}],"author":[{"embeddable":true,"href":"https:\/\/www.egemtv.com\/index.php?rest_route=\/wp\/v2\/users\/1"}],"replies":[{"embeddable":true,"href":"https:\/\/www.egemtv.com\/index.php?rest_route=%2Fwp%2Fv2%2Fcomments&post=18116"}],"version-history":[{"count":1,"href":"https:\/\/www.egemtv.com\/index.php?rest_route=\/wp\/v2\/posts\/18116\/revisions"}],"predecessor-version":[{"id":18118,"href":"https:\/\/www.egemtv.com\/index.php?rest_route=\/wp\/v2\/posts\/18116\/revisions\/18118"}],"wp:featuredmedia":[{"embeddable":true,"href":"https:\/\/www.egemtv.com\/index.php?rest_route=\/wp\/v2\/media\/18117"}],"wp:attachment":[{"href":"https:\/\/www.egemtv.com\/index.php?rest_route=%2Fwp%2Fv2%2Fmedia&parent=18116"}],"wp:term":[{"taxonomy":"category","embeddable":true,"href":"https:\/\/www.egemtv.com\/index.php?rest_route=%2Fwp%2Fv2%2Fcategories&post=18116"},{"taxonomy":"post_tag","embeddable":true,"href":"https:\/\/www.egemtv.com\/index.php?rest_route=%2Fwp%2Fv2%2Ftags&post=18116"}],"curies":[{"name":"wp","href":"https:\/\/api.w.org\/{rel}","templated":true}]}}