{"id":18113,"date":"2025-02-12T15:43:31","date_gmt":"2025-02-12T12:43:31","guid":{"rendered":"https:\/\/www.egemtv.com\/?p=18113"},"modified":"2025-02-12T15:43:39","modified_gmt":"2025-02-12T12:43:39","slug":"eber-golunu-yakmaya-calisan-5-kisiye-yaklasik-3-milyon-tl-para-cezasi-kesildi","status":"publish","type":"post","link":"https:\/\/www.egemtv.com\/?p=18113","title":{"rendered":"Eber G\u00f6l\u00fc\u2019n\u00fc yakmaya \u00e7al\u0131\u015fan 5 ki\u015fiye yakla\u015f\u0131k 3 milyon TL para cezas\u0131 kesildi"},"content":{"rendered":"<p>Eber G\u00f6l\u00fc\u2019n\u00fcn Afyonkarahisar s\u0131n\u0131rlar\u0131 i\u00e7inde kalan k\u0131sm\u0131nda kas\u0131tl\u0131 olarak sazl\u0131k yang\u0131n\u0131 \u00e7\u0131karmaya \u00e7al\u0131\u015fan ve ka\u00e7ak saz kesimi yapmaya \u00e7al\u0131\u015ft\u0131klar\u0131 tespit edilen 5 ki\u015fiye yakla\u015f\u0131k 5 milyon TL para cezas\u0131 kesildi.<br \/>\n<br \/>Konuyla ilgili Afyonkarahisar Valili\u011fi\u2019nden yap\u0131lan yaz\u0131l\u0131 a\u00e7\u0131klamada, &#8220;Eber G\u00f6l\u00fc\u2019n\u00fc yakmaya \u00e7al\u0131\u015fan \u015fah\u0131slar ile bu ki\u015finin yan\u0131nda bulunan ve ka\u00e7ak saz kesimi yapan \u015fah\u0131slar cezadan kurtulamad\u0131. \u015eah\u0131slar hakk\u0131nda gerekli adli i\u015flemlerin ard\u0131ndan idari yapt\u0131r\u0131m cezas\u0131 uyguland\u0131. Afyonkarahisar Do\u011fa Koruma ve Milli Parklar M\u00fcd\u00fcrl\u00fc\u011f\u00fc Bolvadin DKMP \u015eefli\u011fi ve Bolvadin-Sultanda\u011f\u0131 \u0130l\u00e7e Jandarma Komutanl\u0131\u011f\u0131 ekipleri taraf\u0131ndan 20 Ocak 2025 tarihinde saz yang\u0131nlar\u0131 hakk\u0131nda ortak \u00e7al\u0131\u015fma yap\u0131ld\u0131\u011f\u0131 esnada vatanda\u015flar\u0131n ihbar\u0131 ile yakalanan K.K. ve H.\u00c7. isimli \u015fah\u0131slar hakk\u0131nda yang\u0131n \u00e7\u0131karma \u015f\u00fcphesiyle adli i\u015flem ba\u015flat\u0131lm\u0131\u015ft\u0131.<br \/>\n<br \/>Bu 2 ki\u015finin yan\u0131nda bulunan ve birlikte ka\u00e7ak saz kesimi yapan toplam 5 ki\u015fiye ilgili y\u00f6netmelikler uyar\u0131nca ki\u015fi ba\u015f\u0131 557 bin 212 TL idari yapt\u0131r\u0131m karar\u0131 uyguland\u0131&#8221; ifadelerine yer verildi.<br \/><\/p>\n","protected":false},"excerpt":{"rendered":"<p>Eber G\u00f6l\u00fc\u2019n\u00fcn Afyonkarahisar s\u0131n\u0131rlar\u0131 i\u00e7inde kalan k\u0131sm\u0131nda kas\u0131tl\u0131 olarak sazl\u0131k yang\u0131n\u0131 \u00e7\u0131karmaya \u00e7al\u0131\u015fan ve ka\u00e7ak saz kesimi yapmaya \u00e7al\u0131\u015ft\u0131klar\u0131 tespit edilen 5 ki\u015fiye yakla\u015f\u0131k 5 milyon TL para cezas\u0131 kesildi. Konuyla ilgili Afyonkarahisar Valili\u011fi\u2019nden yap\u0131lan yaz\u0131l\u0131 a\u00e7\u0131klamada, &#8220;Eber G\u00f6l\u00fc\u2019n\u00fc yakmaya \u00e7al\u0131\u015fan \u015fah\u0131slar ile bu ki\u015finin yan\u0131nda bulunan ve ka\u00e7ak saz kesimi yapan \u015fah\u0131slar cezadan kurtulamad\u0131&#8230;.<\/p>\n","protected":false},"author":1,"featured_media":18114,"comment_status":"open","ping_status":"open","sticky":false,"template":"","format":"standard","meta":{"_crdt_document":"","footnotes":""},"categories":[5],"tags":[],"class_list":["post-18113","post","type-post","status-publish","format-standard","has-post-thumbnail","hentry","category-asayis"],"_links":{"self":[{"href":"https:\/\/www.egemtv.com\/index.php?rest_route=\/wp\/v2\/posts\/18113","targetHints":{"allow":["GET"]}}],"collection":[{"href":"https:\/\/www.egemtv.com\/index.php?rest_route=\/wp\/v2\/posts"}],"about":[{"href":"https:\/\/www.egemtv.com\/index.php?rest_route=\/wp\/v2\/types\/post"}],"author":[{"embeddable":true,"href":"https:\/\/www.egemtv.com\/index.php?rest_route=\/wp\/v2\/users\/1"}],"replies":[{"embeddable":true,"href":"https:\/\/www.egemtv.com\/index.php?rest_route=%2Fwp%2Fv2%2Fcomments&post=18113"}],"version-history":[{"count":1,"href":"https:\/\/www.egemtv.com\/index.php?rest_route=\/wp\/v2\/posts\/18113\/revisions"}],"predecessor-version":[{"id":18115,"href":"https:\/\/www.egemtv.com\/index.php?rest_route=\/wp\/v2\/posts\/18113\/revisions\/18115"}],"wp:featuredmedia":[{"embeddable":true,"href":"https:\/\/www.egemtv.com\/index.php?rest_route=\/wp\/v2\/media\/18114"}],"wp:attachment":[{"href":"https:\/\/www.egemtv.com\/index.php?rest_route=%2Fwp%2Fv2%2Fmedia&parent=18113"}],"wp:term":[{"taxonomy":"category","embeddable":true,"href":"https:\/\/www.egemtv.com\/index.php?rest_route=%2Fwp%2Fv2%2Fcategories&post=18113"},{"taxonomy":"post_tag","embeddable":true,"href":"https:\/\/www.egemtv.com\/index.php?rest_route=%2Fwp%2Fv2%2Ftags&post=18113"}],"curies":[{"name":"wp","href":"https:\/\/api.w.org\/{rel}","templated":true}]}}