{"id":18110,"date":"2025-02-12T15:43:28","date_gmt":"2025-02-12T12:43:28","guid":{"rendered":"https:\/\/www.egemtv.com\/?p=18110"},"modified":"2025-02-12T15:43:30","modified_gmt":"2025-02-12T12:43:30","slug":"kardes-cinayetinden-yargilanan-sanik-ifade-verdi","status":"publish","type":"post","link":"https:\/\/www.egemtv.com\/?p=18110","title":{"rendered":"Karde\u015f cinayetinden yarg\u0131lanan san\u0131k ifade verdi"},"content":{"rendered":"<p>Burdur\u2019un Hal\u0131c\u0131lar k\u00f6y\u00fcnde bir \u015fahs\u0131n ke\u00e7i a\u011f\u0131l\u0131nda t\u00fcfekle vurulmu\u015f halde bulunmas\u0131na ili\u015fkin 1\u2019i tutuklu 3 karde\u015fin yarg\u0131land\u0131\u011f\u0131 davan\u0131n ilk duru\u015fmas\u0131 g\u00f6r\u00fcld\u00fc.<br \/>\n<br \/>22 \u015eubat 2024 tarihinde Burdur merkeze ba\u011fl\u0131 Hal\u0131c\u0131lar k\u00f6y\u00fcne yakla\u015f\u0131k 3 kilometre uzakl\u0131ktaki da\u011fl\u0131k alanda bulunan ke\u00e7i a\u011f\u0131l\u0131nda Cihan K. (44), karde\u015fi Ahmet K. (36) taraf\u0131ndan t\u00fcfekle vurulmu\u015f halde buldu. Ahmet K., durumu karde\u015fi Ferhat. K.\u2019ye (27), ard\u0131ndan 112 Acil \u00c7a\u011fr\u0131 Merkezi\u2019ne haber verdi. \u0130hbar \u00fczerine olay yerine gelen sa\u011fl\u0131k ekipleri, Cihan K.\u2019nin hayat\u0131n\u0131 kaybetti\u011fini belirledi. Jandarma ekipleri taraf\u0131ndan g\u00f6zalt\u0131na al\u0131nan ve adliyeye sevk edilen \u015f\u00fcphelilerden baba Ahmet K. (80) ile maktul\u00fcn karde\u015flerinden Ferhat K. adli kontrol \u015fart\u0131yla serbest b\u0131rak\u0131l\u0131rken, cinayeti i\u015fledi\u011fini itiraf eden Ahmet K. tutuklanarak Burdur E Tipi Kapal\u0131 Cezaevine g\u00f6nderildi. Cinayetle ilgili haz\u0131rlanan iddianamede baba Ahmet K. hakk\u0131nda takipsizlik karar\u0131 verilirken, karde\u015fler Do\u011fan K. ve Ferhat K.\u2019nin tutuksuz, Ahmet K.\u2019nin ise tutuklu olarak &#8220;beden bak\u0131m\u0131ndan kendini savunamayacak durumda olan karde\u015fe kar\u015f\u0131 kasten \u00f6ld\u00fcrme&#8221; su\u00e7undan a\u011f\u0131rla\u015ft\u0131r\u0131lm\u0131\u015f m\u00fcebbet hapis cezas\u0131 ile cezaland\u0131r\u0131lmalar\u0131 talep edildi.<\/p>\n<p>&#8220;Onu \u00f6ld\u00fcrme niyetim yoktu, kendimi \u00f6ld\u00fcrecektim&#8221;<br \/>\n<br \/>A\u011fabeyleri Cihan K.\u2019yi \u00f6ld\u00fcrd\u00fckleri iddias\u0131 ile yarg\u0131lanan tutuklu san\u0131k Ahmet K. ve tutuksuz san\u0131klar Do\u011fan K. (34) ve Ferhat K.\u2019nin yarg\u0131land\u0131\u011f\u0131 davan\u0131n ilk duru\u015fmas\u0131 Burdur 1. A\u011f\u0131r Ceza Mahkemesinde g\u00f6r\u00fcld\u00fc. Duru\u015fmada san\u0131klar Ahmet K., Do\u011fan K., Ferhat K. ve avukatlar\u0131 ile san\u0131k ve maktul\u00fcn babas\u0131 Ahmet K. ile annesi Alime K. haz\u0131r bulundu. Tutuklu san\u0131k Ahmet K. savunmas\u0131nda cinayeti i\u015fledi\u011fini kabul ederek, &#8220;Olaydan yakla\u015f\u0131k bir hafta \u00f6nce maktul Cihan K. bana tecav\u00fcz etmeye kalk\u0131\u015ft\u0131 ama bunu engelledim. Olay g\u00fcn\u00fc ben sobay\u0131 yakmak i\u00e7in uyanm\u0131\u015ft\u0131m. Sobay\u0131 yakmaya \u00e7al\u0131\u015ft\u0131\u011f\u0131m esnada a\u011fabeyim tekrar bana tecav\u00fcz etmeye \u00e7al\u0131\u015ft\u0131. Dirsek atarak engel olup ka\u00e7t\u0131m. Bu olay saat 04.00-04.30 s\u0131ralar\u0131nda meydana geldi. Ben k\u00f6ye gitmek istemi\u015ftim ama a\u011fabeyim \u2019K\u00f6ye gidersen seni \u00f6ld\u00fcr\u00fcr\u00fcm\u2019 diyerek i\u00e7eri geri \u00e7a\u011f\u0131rd\u0131. Ben de i\u00e7eri girdim. Bana \u2019Bu olay ikimiz aras\u0131nda kalacak. Birine s\u00f6ylersen seni \u00f6ld\u00fcr\u00fcr\u00fcm\u2019 dedi. Bir s\u00fcre sonra a\u011fabeyim uyudu, ben de kendimi kaybederek kendimi vurmak istedim. Duvara dayal\u0131 olan t\u00fcfe\u011fi alarak t\u00fcfe\u011fi yere dayad\u0131m ve namluyu y\u00fcz\u00fcme \u00e7evirdim. O s\u0131ra a\u011fabeyim yatakta bana do\u011fru d\u00f6n\u00fcnce bir anda panik yaparak ona do\u011fru iki el ate\u015f ettim. Onu \u00f6ld\u00fcrme niyetim yoktu, kendimi \u00f6ld\u00fcrecektim. Su\u00e7lamay\u0131 bu haliyle kabul ediyorum. Di\u011fer san\u0131klar\u0131n bu eyleme herhangi bir katk\u0131s\u0131 yoktur. Pi\u015fman\u0131m&#8221; dedi.<\/p>\n<p>&#8220;Ailemin ba\u015f\u0131na bir \u015fey gelmesini istemedi\u011fim i\u00e7in yazd\u0131m&#8221;<br \/>\n<br \/>San\u0131k Ahmet K., cezaevindeyken ziyaretine gelen karde\u015fleri Do\u011fan K. ve Ferhat K.\u2019ye sol avucuna yazd\u0131\u011f\u0131 &#8220;Ba\u015f\u0131n\u0131za dert almay\u0131n. Bir yere koyun, ben yerini bileyim. Nerede siz onu bilmiyorsunuz. Mermi doldurma aparat\u0131 amcamda kalm\u0131\u015ft\u0131&#8221; \u015feklindeki s\u00f6zleri camdan g\u00f6sterdi\u011fi esnada g\u00f6revli infaz koruma memurlar\u0131 taraf\u0131ndan durumun fark edildi\u011finin hat\u0131rlat\u0131lmas\u0131 \u00fczerine, &#8220;Ailemin ba\u015f\u0131na bir \u015fey gelmesini istemedi\u011fim i\u00e7in yazd\u0131m. \u00c7\u00fcnk\u00fc ailemin, a\u011fabeyimin ger\u00e7ekle\u015ftirmek istedi\u011fi cinsel sald\u0131r\u0131dan bilgileri yoktu. Onlar\u0131 korumak istedim sadece&#8221; dedi.<br \/>\n<br \/>Tutuksuz yarg\u0131lanan san\u0131k Do\u011fan K. \u0130se, su\u00e7lamay\u0131 kabul etmedi\u011fini belirterek, &#8220;Olay g\u00fcn\u00fc Isparta\u2019da bulunan bir kereste fabrikas\u0131nda \u00e7al\u0131\u015f\u0131yordum. Normalde de ailemin yan\u0131nda k\u00f6yde kal\u0131yorum. Olay g\u00fcn\u00fc saat 06.50 s\u0131ralar\u0131nda i\u015fe gitmek i\u00e7in evden \u00e7\u0131kt\u0131m ve 08.00\u2019de fabrikada i\u015fe ba\u015flad\u0131m. Saat 09.00 s\u0131ralar\u0131nda karde\u015fimin \u00f6ld\u00fc\u011f\u00fc haberi gelince i\u015ften izin al\u0131p \u00f6yle gittim. Olay\u0131 o zaman \u00f6\u011frendim. Haftada 2 g\u00fcn iznim oluyor. Her hafta izin g\u00fcn\u00fcmde olay\u0131n ger\u00e7ekle\u015fti\u011fi kul\u00fcbeye giderdim. Buradaki av t\u00fcfe\u011fi ile \u00e7akala, tilkiye ate\u015f ederdim. Bundan dolay\u0131 \u00fczerimde swap izi \u00e7\u0131km\u0131\u015f olabilir. Olay per\u015fembe g\u00fcn\u00fc ger\u00e7ekle\u015fmi\u015fti, ben ise en son olaydan \u00f6nceki pazar g\u00fcn\u00fc ate\u015f etmi\u015ftim. Bu olay hakk\u0131nda ba\u015fka bir bilgim bulunmamaktad\u0131r&#8221; \u015feklinde konu\u015ftu.<\/p>\n<p>&#8220;Olaydan sabah evdeyken haberim oldu&#8221;<br \/>\n<br \/>Tutuksuz yarg\u0131lanan Ferhat K. da savunmas\u0131nda su\u00e7lamay\u0131 kabul etmedi\u011fini dile getirerek, &#8220;Ben hayvan otlatmaya giderken s\u00fcrekli yan\u0131mda t\u00fcfek g\u00f6t\u00fcr\u00fcr\u00fcm ve hayvanlara zarar vermek isteyen tilkiye, \u00e7akala ate\u015f ederim. En son olaydan 15-20 g\u00fcn \u00f6nce t\u00fcfe\u011fi kullanarak ate\u015f ettim. \u00dczerimdeki swap izleri bundan \u00e7\u0131km\u0131\u015f olabilir. Ya da evde bulunan t\u00fcfeklere fi\u015fekleri hep ben yerle\u015ftirirdim, bu y\u00fczden de \u00e7\u0131km\u0131\u015f olabilir. Yayladaki evde Cihan ve Ahmet K. ile birlikte kal\u0131yorduk. Olaydan bir g\u00fcn \u00f6nce ikindi namaz\u0131ndan sonra ekmek almak i\u00e7in k\u00f6ye indim ve o g\u00fcn babaevinde kald\u0131m. Olaydan sabah evdeyken haberim oldu. Maktul Cihan K.\u2019nin bana kar\u015f\u0131 herhangi bir cinsel eylemi olmad\u0131. Ahmet K. ise bana daha \u00f6nce bu eylemlerden hi\u00e7 bahsetmedi&#8221; dedi.<br \/>\n<br \/>Baba Ahmet K. ve anne Alime K. olayla ilgili san\u0131klardan \u015fikayet\u00e7i olmad\u0131klar\u0131n\u0131 belirterek, olayla ilgili ba\u015fka bir bilgilerinin bulunmad\u0131\u011f\u0131n\u0131, \u00e7ocuklar\u0131 aras\u0131nda herhangi bir husumetin bulunmad\u0131\u011f\u0131n\u0131, olaydan \u00f6nce de \u00e7ocuklar\u0131yla miras payla\u015f\u0131m\u0131 konusunda herhangi bir konu\u015fma yapmad\u0131klar\u0131n\u0131 dile getirdiler.<br \/>\n<br \/>San\u0131k Ahmet K.\u2019nin avukat\u0131 ise m\u00fcvekkilinin su\u00e7u tecav\u00fczden kurtulmak ve tekrarlanmas\u0131n\u0131 engellemek amac\u0131yla ger\u00e7ekle\u015ftirdi\u011fini, bu nedenle m\u00fcvekkilinin yarg\u0131lanmas\u0131nda me\u015fru m\u00fcdafaa h\u00fck\u00fcmlerinin uygulanmas\u0131n\u0131, e\u011fer bu m\u00fcmk\u00fcn de\u011filse en y\u00fcksek tahrik h\u00fck\u00fcmlerinin uygulanmas\u0131n\u0131 ve tahliyesini talep etti.<br \/>\n<br \/>Mahkeme heyeti, Ahmet K.\u2019nin tutukluluk halinin devam\u0131na karar vererek, davay\u0131 erteledi.<br \/><\/p>\n","protected":false},"excerpt":{"rendered":"<p>Burdur\u2019un Hal\u0131c\u0131lar k\u00f6y\u00fcnde bir \u015fahs\u0131n ke\u00e7i a\u011f\u0131l\u0131nda t\u00fcfekle vurulmu\u015f halde bulunmas\u0131na ili\u015fkin 1\u2019i tutuklu 3 karde\u015fin yarg\u0131land\u0131\u011f\u0131 davan\u0131n ilk duru\u015fmas\u0131 g\u00f6r\u00fcld\u00fc. 22 \u015eubat 2024 tarihinde Burdur merkeze ba\u011fl\u0131 Hal\u0131c\u0131lar k\u00f6y\u00fcne yakla\u015f\u0131k 3 kilometre uzakl\u0131ktaki da\u011fl\u0131k alanda bulunan ke\u00e7i a\u011f\u0131l\u0131nda Cihan K. (44), karde\u015fi Ahmet K. (36) taraf\u0131ndan t\u00fcfekle vurulmu\u015f halde buldu. Ahmet K., durumu karde\u015fi&#8230;<\/p>\n","protected":false},"author":1,"featured_media":18111,"comment_status":"open","ping_status":"open","sticky":false,"template":"","format":"standard","meta":{"_crdt_document":"","footnotes":""},"categories":[5],"tags":[],"class_list":["post-18110","post","type-post","status-publish","format-standard","has-post-thumbnail","hentry","category-asayis"],"_links":{"self":[{"href":"https:\/\/www.egemtv.com\/index.php?rest_route=\/wp\/v2\/posts\/18110","targetHints":{"allow":["GET"]}}],"collection":[{"href":"https:\/\/www.egemtv.com\/index.php?rest_route=\/wp\/v2\/posts"}],"about":[{"href":"https:\/\/www.egemtv.com\/index.php?rest_route=\/wp\/v2\/types\/post"}],"author":[{"embeddable":true,"href":"https:\/\/www.egemtv.com\/index.php?rest_route=\/wp\/v2\/users\/1"}],"replies":[{"embeddable":true,"href":"https:\/\/www.egemtv.com\/index.php?rest_route=%2Fwp%2Fv2%2Fcomments&post=18110"}],"version-history":[{"count":1,"href":"https:\/\/www.egemtv.com\/index.php?rest_route=\/wp\/v2\/posts\/18110\/revisions"}],"predecessor-version":[{"id":18112,"href":"https:\/\/www.egemtv.com\/index.php?rest_route=\/wp\/v2\/posts\/18110\/revisions\/18112"}],"wp:featuredmedia":[{"embeddable":true,"href":"https:\/\/www.egemtv.com\/index.php?rest_route=\/wp\/v2\/media\/18111"}],"wp:attachment":[{"href":"https:\/\/www.egemtv.com\/index.php?rest_route=%2Fwp%2Fv2%2Fmedia&parent=18110"}],"wp:term":[{"taxonomy":"category","embeddable":true,"href":"https:\/\/www.egemtv.com\/index.php?rest_route=%2Fwp%2Fv2%2Fcategories&post=18110"},{"taxonomy":"post_tag","embeddable":true,"href":"https:\/\/www.egemtv.com\/index.php?rest_route=%2Fwp%2Fv2%2Ftags&post=18110"}],"curies":[{"name":"wp","href":"https:\/\/api.w.org\/{rel}","templated":true}]}}