{"id":18107,"date":"2025-02-12T15:28:06","date_gmt":"2025-02-12T12:28:06","guid":{"rendered":"https:\/\/www.egemtv.com\/?p=18107"},"modified":"2025-02-12T15:28:11","modified_gmt":"2025-02-12T12:28:11","slug":"germencikte-vatandaslar-bilinclendirilecek","status":"publish","type":"post","link":"https:\/\/www.egemtv.com\/?p=18107","title":{"rendered":"Germencik\u2019te vatanda\u015flar bilin\u00e7lendirilecek"},"content":{"rendered":"<p>Germencik Belediyesi, AFAR Afet Kurtarma E\u011fitim ve Yard\u0131m Derne\u011fi ile birlikte afetlere haz\u0131rl\u0131kl\u0131 bir toplum olu\u015fturmak amac\u0131yla e\u011fitim program\u0131 d\u00fczenleyecek.<\/p>\n<p>Germencik Belediyesi vatanda\u015flara afet anlar\u0131nda nas\u0131l do\u011fru m\u00fcdahale edeceklerini \u00f6\u011fretmek, yang\u0131n ve ilk yard\u0131m konusunda temel bilgileri kazand\u0131rmak i\u00e7in e\u011fitim d\u00fczenleyecek. Bilin\u00e7li toplum hedefiyle afetlere y\u00f6nelik bilgi ve fark\u0131ndal\u0131\u011f\u0131 art\u0131rmay\u0131 ama\u00e7layan etkinlikte, Afet Fark\u0131ndal\u0131k E\u011fitimi, Temel Yang\u0131n E\u011fitimi ve Temel \u0130lk Yard\u0131m E\u011fitimi verilecek. 15 \u015eubat Cumartesi g\u00fcn\u00fc Germencik Belediyesi Konferans Salonu\u2019nda ger\u00e7ekle\u015ftirilecek olan e\u011fitim saat 11.00\u2019de ba\u015flayacak.<\/p>\n<p>&#8220;Afet an\u0131nda do\u011fru m\u00fcdahale hayat kurtar\u0131r&#8221; diyen Germencik Belediye Ba\u015fkan\u0131 Burak Zencirci, &#8220;AFAR Afet Kurtarma E\u011fitim ve Yard\u0131m Derne\u011fi ile birlikte d\u00fczenleyece\u011fimiz bu e\u011fitimde, afet fark\u0131ndal\u0131\u011f\u0131n\u0131 art\u0131rarak, temel yang\u0131n ve ilk yard\u0131m bilgilerini halk\u0131m\u0131za aktaraca\u011f\u0131z. Yapmam\u0131z gerekenleri \u00f6\u011frenip pratik bilgiler edinece\u011fiz. T\u00fcm halk\u0131m\u0131z davetlidir&#8221; ifadelerini kulland\u0131.<br \/><\/p>\n","protected":false},"excerpt":{"rendered":"<p>Germencik Belediyesi, AFAR Afet Kurtarma E\u011fitim ve Yard\u0131m Derne\u011fi ile birlikte afetlere haz\u0131rl\u0131kl\u0131 bir toplum olu\u015fturmak amac\u0131yla e\u011fitim program\u0131 d\u00fczenleyecek. Germencik Belediyesi vatanda\u015flara afet anlar\u0131nda nas\u0131l do\u011fru m\u00fcdahale edeceklerini \u00f6\u011fretmek, yang\u0131n ve ilk yard\u0131m konusunda temel bilgileri kazand\u0131rmak i\u00e7in e\u011fitim d\u00fczenleyecek. Bilin\u00e7li toplum hedefiyle afetlere y\u00f6nelik bilgi ve fark\u0131ndal\u0131\u011f\u0131 art\u0131rmay\u0131 ama\u00e7layan etkinlikte, Afet Fark\u0131ndal\u0131k E\u011fitimi,&#8230;<\/p>\n","protected":false},"author":1,"featured_media":18108,"comment_status":"open","ping_status":"open","sticky":false,"template":"","format":"standard","meta":{"_crdt_document":"","footnotes":""},"categories":[1],"tags":[],"class_list":["post-18107","post","type-post","status-publish","format-standard","has-post-thumbnail","hentry","category-guncel"],"_links":{"self":[{"href":"https:\/\/www.egemtv.com\/index.php?rest_route=\/wp\/v2\/posts\/18107","targetHints":{"allow":["GET"]}}],"collection":[{"href":"https:\/\/www.egemtv.com\/index.php?rest_route=\/wp\/v2\/posts"}],"about":[{"href":"https:\/\/www.egemtv.com\/index.php?rest_route=\/wp\/v2\/types\/post"}],"author":[{"embeddable":true,"href":"https:\/\/www.egemtv.com\/index.php?rest_route=\/wp\/v2\/users\/1"}],"replies":[{"embeddable":true,"href":"https:\/\/www.egemtv.com\/index.php?rest_route=%2Fwp%2Fv2%2Fcomments&post=18107"}],"version-history":[{"count":1,"href":"https:\/\/www.egemtv.com\/index.php?rest_route=\/wp\/v2\/posts\/18107\/revisions"}],"predecessor-version":[{"id":18109,"href":"https:\/\/www.egemtv.com\/index.php?rest_route=\/wp\/v2\/posts\/18107\/revisions\/18109"}],"wp:featuredmedia":[{"embeddable":true,"href":"https:\/\/www.egemtv.com\/index.php?rest_route=\/wp\/v2\/media\/18108"}],"wp:attachment":[{"href":"https:\/\/www.egemtv.com\/index.php?rest_route=%2Fwp%2Fv2%2Fmedia&parent=18107"}],"wp:term":[{"taxonomy":"category","embeddable":true,"href":"https:\/\/www.egemtv.com\/index.php?rest_route=%2Fwp%2Fv2%2Fcategories&post=18107"},{"taxonomy":"post_tag","embeddable":true,"href":"https:\/\/www.egemtv.com\/index.php?rest_route=%2Fwp%2Fv2%2Ftags&post=18107"}],"curies":[{"name":"wp","href":"https:\/\/api.w.org\/{rel}","templated":true}]}}