{"id":18101,"date":"2025-02-12T15:19:19","date_gmt":"2025-02-12T12:19:19","guid":{"rendered":"https:\/\/www.egemtv.com\/?p=18101"},"modified":"2025-02-12T15:19:25","modified_gmt":"2025-02-12T12:19:25","slug":"salihli-jandarmadan-kades-bilgilendirmesi","status":"publish","type":"post","link":"https:\/\/www.egemtv.com\/?p=18101","title":{"rendered":"Salihli jandarmadan KADES bilgilendirmesi"},"content":{"rendered":"<p>Manisa \u0130l Jandarma Komutanl\u0131\u011f\u0131na ba\u011fl\u0131 Salihli \u0130l\u00e7e Jandarma Komutanl\u0131\u011f\u0131 ekipleri taraf\u0131ndan Organize Sanayi B\u00f6lgesi\u2019nde (OSB) KADES uygulamas\u0131 tan\u0131t\u0131ld\u0131.<br \/>\n<br \/>Salihli \u0130l\u00e7e Jandarma Komutanl\u0131\u011f\u0131, kad\u0131na y\u00f6nelik aile i\u00e7i \u015fiddetle m\u00fccadele kapsam\u0131nda \u00e7al\u0131\u015fmalar\u0131n\u0131 s\u00fcrd\u00fcr\u00fcyor. Bu \u00e7er\u00e7evede Aile \u0130\u00e7i \u015eiddetle M\u00fccadele ve \u00c7ocuk K\u0131s\u0131m Amirli\u011fi ekipleri, Salihli Organize Sanayi B\u00f6lgesi\u2019nde(OSB) faaliyet g\u00f6steren ve yakla\u015f\u0131k 35 \u00fclkede ihracat faaliyeti bulunan bir firmadaki, erkek personele Kad\u0131na El KAL-KA-MAZ projesi hakk\u0131nda bilgi verilirken, kad\u0131n personele ise KADES uygulamas\u0131n\u0131n tan\u0131t\u0131m\u0131, kullan\u0131m\u0131, uygulaman\u0131n sa\u011flad\u0131\u011f\u0131 kolayl\u0131klar anlat\u0131ld\u0131.<br \/>\n<br \/>Salihli\u2019de kad\u0131na y\u00f6nelik aile i\u00e7i \u015fiddetle m\u00fccadele kapsam\u0131nda bilgilendirme ve fark\u0131ndal\u0131k faaliyetlerinin aral\u0131ks\u0131z devam edilece\u011fi bildirildi.<br \/><\/p>\n","protected":false},"excerpt":{"rendered":"<p>Manisa \u0130l Jandarma Komutanl\u0131\u011f\u0131na ba\u011fl\u0131 Salihli \u0130l\u00e7e Jandarma Komutanl\u0131\u011f\u0131 ekipleri taraf\u0131ndan Organize Sanayi B\u00f6lgesi\u2019nde (OSB) KADES uygulamas\u0131 tan\u0131t\u0131ld\u0131. Salihli \u0130l\u00e7e Jandarma Komutanl\u0131\u011f\u0131, kad\u0131na y\u00f6nelik aile i\u00e7i \u015fiddetle m\u00fccadele kapsam\u0131nda \u00e7al\u0131\u015fmalar\u0131n\u0131 s\u00fcrd\u00fcr\u00fcyor. Bu \u00e7er\u00e7evede Aile \u0130\u00e7i \u015eiddetle M\u00fccadele ve \u00c7ocuk K\u0131s\u0131m Amirli\u011fi ekipleri, Salihli Organize Sanayi B\u00f6lgesi\u2019nde(OSB) faaliyet g\u00f6steren ve yakla\u015f\u0131k 35 \u00fclkede ihracat faaliyeti bulunan&#8230;<\/p>\n","protected":false},"author":1,"featured_media":18102,"comment_status":"open","ping_status":"open","sticky":false,"template":"","format":"standard","meta":{"_crdt_document":"","footnotes":""},"categories":[5],"tags":[],"class_list":["post-18101","post","type-post","status-publish","format-standard","has-post-thumbnail","hentry","category-asayis"],"_links":{"self":[{"href":"https:\/\/www.egemtv.com\/index.php?rest_route=\/wp\/v2\/posts\/18101","targetHints":{"allow":["GET"]}}],"collection":[{"href":"https:\/\/www.egemtv.com\/index.php?rest_route=\/wp\/v2\/posts"}],"about":[{"href":"https:\/\/www.egemtv.com\/index.php?rest_route=\/wp\/v2\/types\/post"}],"author":[{"embeddable":true,"href":"https:\/\/www.egemtv.com\/index.php?rest_route=\/wp\/v2\/users\/1"}],"replies":[{"embeddable":true,"href":"https:\/\/www.egemtv.com\/index.php?rest_route=%2Fwp%2Fv2%2Fcomments&post=18101"}],"version-history":[{"count":1,"href":"https:\/\/www.egemtv.com\/index.php?rest_route=\/wp\/v2\/posts\/18101\/revisions"}],"predecessor-version":[{"id":18103,"href":"https:\/\/www.egemtv.com\/index.php?rest_route=\/wp\/v2\/posts\/18101\/revisions\/18103"}],"wp:featuredmedia":[{"embeddable":true,"href":"https:\/\/www.egemtv.com\/index.php?rest_route=\/wp\/v2\/media\/18102"}],"wp:attachment":[{"href":"https:\/\/www.egemtv.com\/index.php?rest_route=%2Fwp%2Fv2%2Fmedia&parent=18101"}],"wp:term":[{"taxonomy":"category","embeddable":true,"href":"https:\/\/www.egemtv.com\/index.php?rest_route=%2Fwp%2Fv2%2Fcategories&post=18101"},{"taxonomy":"post_tag","embeddable":true,"href":"https:\/\/www.egemtv.com\/index.php?rest_route=%2Fwp%2Fv2%2Ftags&post=18101"}],"curies":[{"name":"wp","href":"https:\/\/api.w.org\/{rel}","templated":true}]}}