{"id":18098,"date":"2025-02-12T15:19:15","date_gmt":"2025-02-12T12:19:15","guid":{"rendered":"https:\/\/www.egemtv.com\/?p=18098"},"modified":"2025-02-12T15:19:19","modified_gmt":"2025-02-12T12:19:19","slug":"tugba-kuruyemiste-istihdam-seferberligi-devam-ediyor","status":"publish","type":"post","link":"https:\/\/www.egemtv.com\/?p=18098","title":{"rendered":"Tu\u011fba Kuruyemi\u015f\u2019te istihdam seferberli\u011fi devam ediyor"},"content":{"rendered":"<p>Y\u00fczy\u0131l\u0131n Kad\u0131n \u0130stihdam\u0131 &#8220;\u0130\u015f Pozitif &#8221; projesi \u00e7er\u00e7evesinde Ayd\u0131n\u2019da kad\u0131nlara y\u00f6nelik istihdam seferberli\u011fi devam ediyor. Bu kapsamda merkezi Ayd\u0131n\u2019da bulunan Tu\u011fba Kuruyemi\u015f\u2019te 26 kad\u0131n daha i\u015fba\u015f\u0131 yapt\u0131. \u00c7al\u0131\u015fanlar\u0131n\u0131n y\u00fczde 85\u2019inin kad\u0131nlardan olu\u015fan kurumda yeni al\u0131nan kad\u0131n \u00e7al\u0131\u015fanlarla birlikte firmada \u00e7al\u0131\u015fan ki\u015fi say\u0131s\u0131 1500\u2019e yakla\u015ft\u0131.<br \/>\n<br \/>Merkezi Ayd\u0131n\u2019da bulunan ve \u00fclke genelinde 120\u2019den fazla \u015fubesi bulunan Tu\u011fba Kuruyemi\u015f, istihdam seferberli\u011fine devam ederken, firma kad\u0131n istihdam\u0131n\u0131 daha da artt\u0131rd\u0131. Tu\u011fba Kuruyemi\u015f Fabrika M\u00fcd\u00fcr\u00fc Nadir Keser, 2025 y\u0131l\u0131na ek istihdam ile ba\u015flama karar\u0131 ald\u0131klar\u0131n\u0131 belirterek her ge\u00e7en y\u0131l b\u00fcy\u00fcmenin ve istihdam olu\u015fturman\u0131n hakl\u0131 gururunu ya\u015fad\u0131klar\u0131n\u0131 belirterek &#8220;Tu\u011fba Kuruyemi\u015f kad\u0131n istihdam\u0131na b\u00fcy\u00fck \u00f6nem veriyoruz. Firmam\u0131zda \u00e7al\u0131\u015fanlar\u0131n y\u00fczde 85\u2019inden fazlas\u0131 kad\u0131nlardan olu\u015fuyor. \u0130\u015f-Kur taraf\u0131ndan ba\u015flat\u0131lan Y\u00fczy\u0131l\u0131n Kad\u0131n \u0130stihdam\u0131 &#8220;\u0130\u015f Pozitif&#8221; projesi \u00e7er\u00e7evesinde 26 kad\u0131n daha i\u015fba\u015f\u0131 yapt\u0131. Firma olarak bir yandan istihdam\u0131 artt\u0131rman\u0131n di\u011fer yandan da \u00fclke ekonomisine katk\u0131 sa\u011flaman\u0131n mutlulu\u011funu ya\u015f\u0131yoruz&#8221; dedi.<br \/>\n<br \/>Proje \u00e7er\u00e7evesinde yeni olu\u015fturulan istihdamla 26 kad\u0131n Tu\u011fba Kuruyemi\u015f\u2019te \u00e7al\u0131\u015fmaya ba\u015flad\u0131.<br \/><\/p>\n","protected":false},"excerpt":{"rendered":"<p>Y\u00fczy\u0131l\u0131n Kad\u0131n \u0130stihdam\u0131 &#8220;\u0130\u015f Pozitif &#8221; projesi \u00e7er\u00e7evesinde Ayd\u0131n\u2019da kad\u0131nlara y\u00f6nelik istihdam seferberli\u011fi devam ediyor. Bu kapsamda merkezi Ayd\u0131n\u2019da bulunan Tu\u011fba Kuruyemi\u015f\u2019te 26 kad\u0131n daha i\u015fba\u015f\u0131 yapt\u0131. \u00c7al\u0131\u015fanlar\u0131n\u0131n y\u00fczde 85\u2019inin kad\u0131nlardan olu\u015fan kurumda yeni al\u0131nan kad\u0131n \u00e7al\u0131\u015fanlarla birlikte firmada \u00e7al\u0131\u015fan ki\u015fi say\u0131s\u0131 1500\u2019e yakla\u015ft\u0131. Merkezi Ayd\u0131n\u2019da bulunan ve \u00fclke genelinde 120\u2019den fazla \u015fubesi bulunan Tu\u011fba&#8230;<\/p>\n","protected":false},"author":1,"featured_media":18099,"comment_status":"open","ping_status":"open","sticky":false,"template":"","format":"standard","meta":{"_crdt_document":"","footnotes":""},"categories":[125],"tags":[],"class_list":["post-18098","post","type-post","status-publish","format-standard","has-post-thumbnail","hentry","category-ekonomi"],"_links":{"self":[{"href":"https:\/\/www.egemtv.com\/index.php?rest_route=\/wp\/v2\/posts\/18098","targetHints":{"allow":["GET"]}}],"collection":[{"href":"https:\/\/www.egemtv.com\/index.php?rest_route=\/wp\/v2\/posts"}],"about":[{"href":"https:\/\/www.egemtv.com\/index.php?rest_route=\/wp\/v2\/types\/post"}],"author":[{"embeddable":true,"href":"https:\/\/www.egemtv.com\/index.php?rest_route=\/wp\/v2\/users\/1"}],"replies":[{"embeddable":true,"href":"https:\/\/www.egemtv.com\/index.php?rest_route=%2Fwp%2Fv2%2Fcomments&post=18098"}],"version-history":[{"count":1,"href":"https:\/\/www.egemtv.com\/index.php?rest_route=\/wp\/v2\/posts\/18098\/revisions"}],"predecessor-version":[{"id":18100,"href":"https:\/\/www.egemtv.com\/index.php?rest_route=\/wp\/v2\/posts\/18098\/revisions\/18100"}],"wp:featuredmedia":[{"embeddable":true,"href":"https:\/\/www.egemtv.com\/index.php?rest_route=\/wp\/v2\/media\/18099"}],"wp:attachment":[{"href":"https:\/\/www.egemtv.com\/index.php?rest_route=%2Fwp%2Fv2%2Fmedia&parent=18098"}],"wp:term":[{"taxonomy":"category","embeddable":true,"href":"https:\/\/www.egemtv.com\/index.php?rest_route=%2Fwp%2Fv2%2Fcategories&post=18098"},{"taxonomy":"post_tag","embeddable":true,"href":"https:\/\/www.egemtv.com\/index.php?rest_route=%2Fwp%2Fv2%2Ftags&post=18098"}],"curies":[{"name":"wp","href":"https:\/\/api.w.org\/{rel}","templated":true}]}}