{"id":18095,"date":"2025-02-12T15:13:38","date_gmt":"2025-02-12T12:13:38","guid":{"rendered":"https:\/\/www.egemtv.com\/?p=18095"},"modified":"2025-02-12T15:13:43","modified_gmt":"2025-02-12T12:13:43","slug":"manisada-bir-mahallenin-daha-icme-suyu-sorunu-tarih-oluyor","status":"publish","type":"post","link":"https:\/\/www.egemtv.com\/?p=18095","title":{"rendered":"Manisa\u2019da bir mahallenin daha i\u00e7me suyu sorunu tarih oluyor"},"content":{"rendered":"<p>Manisa B\u00fcy\u00fck\u015fehir Belediye Ba\u015fkan\u0131 Mimar Ferdi Zeyrek\u2019in alt yap\u0131 yat\u0131r\u0131mlar\u0131na verdi\u011fi \u00f6nem do\u011frultusunda, Manisa Su ve Kanalizasyon \u0130daresi (MASK\u0130) Genel M\u00fcd\u00fcrl\u00fc\u011f\u00fc, il genelinde alt yap\u0131y\u0131 g\u00fc\u00e7lendirme \u00e7al\u0131\u015fmalar\u0131n\u0131 aral\u0131ks\u0131z s\u00fcrd\u00fcr\u00fcyor.<br \/>\n<br \/>Yunusemre il\u00e7esine ba\u011fl\u0131 P\u0131nark\u00f6y Mahallesi\u2019nde ya\u015fanan su sorununun \u00e7\u00f6z\u00fclmesi i\u00e7in 1.300 metrelik i\u00e7me suyu terfi hatt\u0131 yenileme \u00e7al\u0131\u015fmas\u0131 ba\u015flat\u0131ld\u0131. \u00c7al\u0131\u015fmalar\u0131n tamamlanmas\u0131yla mahalleye daha verimli, kesintisiz ve sa\u011fl\u0131kl\u0131 i\u00e7me suyu ula\u015ft\u0131r\u0131lacak.<br \/>\n<br \/>MASK\u0130 Genel M\u00fcd\u00fcrl\u00fc\u011f\u00fc, il genelinde vatanda\u015flara daha sa\u011fl\u0131kl\u0131 alt yap\u0131 sistemleri sunmak ad\u0131na \u00e7al\u0131\u015fmalar\u0131n\u0131 s\u00fcrd\u00fcr\u00fcyor. Bu kapsamda, \u0130\u00e7me Suyu Dairesi Ba\u015fkanl\u0131\u011f\u0131 ekipleri Yunusemre il\u00e7esine ba\u011fl\u0131 P\u0131nark\u00f6y Mahallesinde 1.300 metrelik i\u00e7me suyu terfi hatt\u0131 \u00e7al\u0131\u015fmalar\u0131na ba\u015flad\u0131. \u00d6n\u00fcm\u00fczdeki g\u00fcnlerde hat d\u00f6\u015feme i\u015finin tamamlanmas\u0131yla birlikte P\u0131nark\u00f6y mahallesine daha verimli, kesintisiz ve daha temiz i\u00e7me suyu ula\u015facak. Mahalle muhtar\u0131 ve b\u00f6lgede ya\u015fayan yurtta\u015flar, \u00e7al\u0131\u015fmadan duyduklar\u0131 memnuniyeti dile getirerek yetkililere te\u015fekk\u00fcr etti.<\/p>\n<p>&#8220;Mahallemiz susuzluktan kurtulacak&#8221;<br \/>\n<br \/>P\u0131nark\u00f6y Mahalle Muhtar\u0131 H\u00fcseyin Sanl\u0131, eski i\u00e7me suyu hatt\u0131nda s\u0131k s\u0131k meydana gelen ar\u0131zalar\u0131n mahalle halk\u0131n\u0131 zor durumda b\u0131rakt\u0131\u011f\u0131n\u0131 belirterek, &#8220;2016 y\u0131l\u0131nda de\u011fi\u015ftirilen i\u00e7me suyu terfi hatt\u0131m\u0131zda s\u00fcrekli patlaklar meydana geliyordu. Ar\u0131zalar \u00e7ok s\u0131k oldu\u011fu i\u00e7in ekipler hemen hemen her g\u00fcn ar\u0131zalar\u0131 gidermek i\u00e7in geliyorlard\u0131. Bir g\u00fcn gelmeseler ertesi g\u00fcn yine geliyorlard\u0131. Ekipler ar\u0131zay\u0131 gideriyor bir g\u00fcn sonra yine patlak oluyordu. Bu nedenle mahallemiz susuz kal\u0131yordu. Sa\u011f olsun B\u00fcy\u00fck\u015fehir Belediye Ba\u015fkan\u0131m\u0131z Ferdi Zeyrek sesimize kulak verdi. Taleplerimiz do\u011frultusunda hatt\u0131m\u0131z\u0131 yeniliyorlar. Mahallemiz susuzluktan kurtulacak. Eme\u011fi ge\u00e7enlere \u00e7ok te\u015fekk\u00fcr ediyorum&#8221; dedi.<\/p>\n<p>&#8220;Su olmay\u0131nca her \u015fey bitiyor&#8221;<br \/>\n<br \/>Mahalle sakinlerinden Fatma Sanl\u0131, &#8220;Hatt\u0131m\u0131zda olu\u015fan patlaklar sebebiyle k\u00f6y halk\u0131 olarak \u00e7ok susuz kald\u0131k. S\u00fcrekli kesintiler meydana geliyordu. K\u00f6y yerinde su olmay\u0131nca her \u015fey bitiyor. \u015eu an yeni hat yap\u0131l\u0131yor \u00e7ok memnunuz&#8221; dedi.<\/p>\n<p>&#8220;\u00c7ok su s\u0131k\u0131nt\u0131s\u0131 ya\u015fad\u0131k&#8221;<br \/>\n<br \/>Mahalle sakini Metin S\u0131va, &#8220;Yaz\u0131n su patlaklar\u0131 sebebiyle MASK\u0130 ekipleri g\u00fcn a\u015f\u0131r\u0131 mahallemize geliyordu. \u00c7ok su s\u0131k\u0131nt\u0131s\u0131 ya\u015fad\u0131k. Allah raz\u0131 olsun \u015fu an hatt\u0131m\u0131z yenileniyor. \u0130n\u015fallah bu sorunun k\u00f6kten \u00e7\u00f6z\u00fclecek. B\u00fcy\u00fck\u015fehir Belediye Ba\u015fkan\u0131m\u0131za \u00e7ok te\u015fekk\u00fcr ediyorum&#8221; dedi.<br \/>\n<br \/>&#8220;Suyumuz bir g\u00fcn geliyor \u00fc\u00e7 g\u00fcn gelmiyordu&#8221;<br \/>\n<br \/>Mahalle sakinlerinden Mehmet \u015eahin ise &#8220;\u00d6zellikle yaz d\u00f6neminde ciddi su sorunu ya\u015fad\u0131k. Suyumuz bir g\u00fcn geliyor \u00fc\u00e7 g\u00fcn gelmiyordu. Ekipler her g\u00fcn mahallemize gelip ar\u0131zalar\u0131 gidermeye \u00e7al\u0131\u015f\u0131yordu. \u0130n\u015fallah yeni hat ile birlikte bu s\u0131k\u0131nt\u0131dan kurtulaca\u011f\u0131z. Eme\u011fi ge\u00e7enlere \u00e7ok te\u015fekk\u00fcr ediyorum&#8221; dedi.<br \/><\/p>\n","protected":false},"excerpt":{"rendered":"<p>Manisa B\u00fcy\u00fck\u015fehir Belediye Ba\u015fkan\u0131 Mimar Ferdi Zeyrek\u2019in alt yap\u0131 yat\u0131r\u0131mlar\u0131na verdi\u011fi \u00f6nem do\u011frultusunda, Manisa Su ve Kanalizasyon \u0130daresi (MASK\u0130) Genel M\u00fcd\u00fcrl\u00fc\u011f\u00fc, il genelinde alt yap\u0131y\u0131 g\u00fc\u00e7lendirme \u00e7al\u0131\u015fmalar\u0131n\u0131 aral\u0131ks\u0131z s\u00fcrd\u00fcr\u00fcyor. Yunusemre il\u00e7esine ba\u011fl\u0131 P\u0131nark\u00f6y Mahallesi\u2019nde ya\u015fanan su sorununun \u00e7\u00f6z\u00fclmesi i\u00e7in 1.300 metrelik i\u00e7me suyu terfi hatt\u0131 yenileme \u00e7al\u0131\u015fmas\u0131 ba\u015flat\u0131ld\u0131. \u00c7al\u0131\u015fmalar\u0131n tamamlanmas\u0131yla mahalleye daha verimli, kesintisiz ve&#8230;<\/p>\n","protected":false},"author":1,"featured_media":18096,"comment_status":"open","ping_status":"open","sticky":false,"template":"","format":"standard","meta":{"_crdt_document":"","footnotes":""},"categories":[125],"tags":[],"class_list":["post-18095","post","type-post","status-publish","format-standard","has-post-thumbnail","hentry","category-ekonomi"],"_links":{"self":[{"href":"https:\/\/www.egemtv.com\/index.php?rest_route=\/wp\/v2\/posts\/18095","targetHints":{"allow":["GET"]}}],"collection":[{"href":"https:\/\/www.egemtv.com\/index.php?rest_route=\/wp\/v2\/posts"}],"about":[{"href":"https:\/\/www.egemtv.com\/index.php?rest_route=\/wp\/v2\/types\/post"}],"author":[{"embeddable":true,"href":"https:\/\/www.egemtv.com\/index.php?rest_route=\/wp\/v2\/users\/1"}],"replies":[{"embeddable":true,"href":"https:\/\/www.egemtv.com\/index.php?rest_route=%2Fwp%2Fv2%2Fcomments&post=18095"}],"version-history":[{"count":1,"href":"https:\/\/www.egemtv.com\/index.php?rest_route=\/wp\/v2\/posts\/18095\/revisions"}],"predecessor-version":[{"id":18097,"href":"https:\/\/www.egemtv.com\/index.php?rest_route=\/wp\/v2\/posts\/18095\/revisions\/18097"}],"wp:featuredmedia":[{"embeddable":true,"href":"https:\/\/www.egemtv.com\/index.php?rest_route=\/wp\/v2\/media\/18096"}],"wp:attachment":[{"href":"https:\/\/www.egemtv.com\/index.php?rest_route=%2Fwp%2Fv2%2Fmedia&parent=18095"}],"wp:term":[{"taxonomy":"category","embeddable":true,"href":"https:\/\/www.egemtv.com\/index.php?rest_route=%2Fwp%2Fv2%2Fcategories&post=18095"},{"taxonomy":"post_tag","embeddable":true,"href":"https:\/\/www.egemtv.com\/index.php?rest_route=%2Fwp%2Fv2%2Ftags&post=18095"}],"curies":[{"name":"wp","href":"https:\/\/api.w.org\/{rel}","templated":true}]}}