{"id":18092,"date":"2025-02-12T15:13:35","date_gmt":"2025-02-12T12:13:35","guid":{"rendered":"https:\/\/www.egemtv.com\/?p=18092"},"modified":"2025-02-12T15:13:38","modified_gmt":"2025-02-12T12:13:38","slug":"baskan-kiyanctan-kritik-mac-oncesi-destek-cagrisi","status":"publish","type":"post","link":"https:\/\/www.egemtv.com\/?p=18092","title":{"rendered":"Ba\u015fkan K\u0131yan\u00e7\u2019tan kritik ma\u00e7 \u00f6ncesi destek \u00e7a\u011fr\u0131s\u0131"},"content":{"rendered":"<p>TFF 3. Lig\u2019de m\u00fccadele eden Mu\u011flaspor, bu hafta sonu sahas\u0131nda oynayaca\u011f\u0131 Bal\u0131kesirspor ma\u00e7\u0131yla liderlik i\u00e7in kritik bir s\u0131nav verecek. Kar\u015f\u0131la\u015fma \u00f6ncesinde kul\u00fcp ba\u015fkan\u0131 Menaf K\u0131yan\u00e7, Mu\u011flaspor\u2019a yeterli deste\u011fin verilmedi\u011fini belirterek, \u015fehrin y\u00f6neticilerine ve i\u015f insanlar\u0131na \u00e7a\u011fr\u0131da bulundu.<\/p>\n<p>&#8220;Bug\u00fcn destek olmazsan\u0131z, yar\u0131n\u0131n bir anlam\u0131 yok&#8221;<br \/>\n<br \/>Mu\u011flaspor\u2019un grupta ikinci s\u0131raya y\u00fckseldi\u011fini hat\u0131rlatan K\u0131yan\u00e7, sezon ba\u015f\u0131ndan bu yana maddi ve manevi olarak yaln\u0131z b\u0131rak\u0131ld\u0131klar\u0131n\u0131 s\u00f6yledi. K\u0131yan\u00e7, &#8220;Yar\u0131n de\u011fil, bug\u00fcn, hemen deste\u011fe ihtiyac\u0131m\u0131z var. Bu hafta sonu liderlik ma\u00e7\u0131na \u00e7\u0131k\u0131yoruz. Mu\u011fla\u2019y\u0131 y\u00f6netenlere sesleniyoruz. Bug\u00fcn yoksan\u0131z, yar\u0131n yan\u0131m\u0131zda olman\u0131z\u0131n bir anlam\u0131 olmayacak. Mu\u011flaspor\u2019un ba\u015far\u0131 ya da ba\u015far\u0131s\u0131zl\u0131\u011f\u0131 size yazacak&#8221; dedi.<\/p>\n<p>&#8220;2. Lig\u2019e \u00e7\u0131karsak bizim de s\u00f6yleyeceklerimiz olacak&#8221;<br \/>\n<br \/>Yakla\u015f\u0131k 20 ayd\u0131r y\u00f6netim olarak b\u00fcy\u00fck bir \u00f6zveriyle \u00e7al\u0131\u015ft\u0131klar\u0131n\u0131 belirten K\u0131yan\u00e7, Mu\u011flaspor\u2019un ciddi imk\u00e2ns\u0131zl\u0131klarla m\u00fccadele etti\u011fini ifade etti. Ba\u015fkan K\u0131yan\u00e7, &#8220;Rakiplerimize g\u00f6re Mu\u011fla\u2019da \u00e7ok yaln\u0131z b\u0131rak\u0131ld\u0131k. Stat yok, stat olmay\u0131nca taraftar deste\u011fi de olmuyor, sponsor deste\u011fi de yok. Tak\u0131m\u0131n y\u00fczde 90\u2019\u0131n\u0131 kendi imk\u00e2nlar\u0131m\u0131zla buraya kadar getirdik. \u015eimdi 3. Lig\u2019deki ilk sezonumuzda liderlik m\u00fccadelesi veriyoruz. Art\u0131k bu kul\u00fcbe sahip \u00e7\u0131kman\u0131n zaman\u0131 geldi. Sezon sonunda 2. Lig\u2019e \u00e7\u0131karsak bizim de s\u00f6yleyeceklerimiz olacak&#8221; diye konu\u015ftu.<\/p>\n<p>&#8220;Amac\u0131m\u0131z birilerini k\u0131rmak de\u011fil, bu projeye ortak etmek&#8221;<br \/>\n<br \/>Mu\u011flaspor\u2019un sadece bir futbol kul\u00fcb\u00fc de\u011fil, ayn\u0131 zamanda bir okul oldu\u011funu vurgulayan K\u0131yan\u00e7, destek \u00e7a\u011fr\u0131s\u0131nda bulundu: &#8220;Bu projeye herkes gelip ortak olsun. Neresinden tutarsan\u0131z tutun, gelin birlikte ba\u015faral\u0131m. Mu\u011fla\u2019n\u0131n ba\u015far\u0131s\u0131 i\u00e7in birlikte hareket etmeliyiz.  Amac\u0131m\u0131z birilerini k\u0131rmak de\u011fil, bu projeye ortak etmek&#8221; dedi.<br \/><\/p>\n","protected":false},"excerpt":{"rendered":"<p>TFF 3. Lig\u2019de m\u00fccadele eden Mu\u011flaspor, bu hafta sonu sahas\u0131nda oynayaca\u011f\u0131 Bal\u0131kesirspor ma\u00e7\u0131yla liderlik i\u00e7in kritik bir s\u0131nav verecek. Kar\u015f\u0131la\u015fma \u00f6ncesinde kul\u00fcp ba\u015fkan\u0131 Menaf K\u0131yan\u00e7, Mu\u011flaspor\u2019a yeterli deste\u011fin verilmedi\u011fini belirterek, \u015fehrin y\u00f6neticilerine ve i\u015f insanlar\u0131na \u00e7a\u011fr\u0131da bulundu. &#8220;Bug\u00fcn destek olmazsan\u0131z, yar\u0131n\u0131n bir anlam\u0131 yok&#8221; Mu\u011flaspor\u2019un grupta ikinci s\u0131raya y\u00fckseldi\u011fini hat\u0131rlatan K\u0131yan\u00e7, sezon ba\u015f\u0131ndan bu yana&#8230;<\/p>\n","protected":false},"author":1,"featured_media":18093,"comment_status":"open","ping_status":"open","sticky":false,"template":"","format":"standard","meta":{"_crdt_document":"","footnotes":""},"categories":[4],"tags":[],"class_list":["post-18092","post","type-post","status-publish","format-standard","has-post-thumbnail","hentry","category-spor"],"_links":{"self":[{"href":"https:\/\/www.egemtv.com\/index.php?rest_route=\/wp\/v2\/posts\/18092","targetHints":{"allow":["GET"]}}],"collection":[{"href":"https:\/\/www.egemtv.com\/index.php?rest_route=\/wp\/v2\/posts"}],"about":[{"href":"https:\/\/www.egemtv.com\/index.php?rest_route=\/wp\/v2\/types\/post"}],"author":[{"embeddable":true,"href":"https:\/\/www.egemtv.com\/index.php?rest_route=\/wp\/v2\/users\/1"}],"replies":[{"embeddable":true,"href":"https:\/\/www.egemtv.com\/index.php?rest_route=%2Fwp%2Fv2%2Fcomments&post=18092"}],"version-history":[{"count":1,"href":"https:\/\/www.egemtv.com\/index.php?rest_route=\/wp\/v2\/posts\/18092\/revisions"}],"predecessor-version":[{"id":18094,"href":"https:\/\/www.egemtv.com\/index.php?rest_route=\/wp\/v2\/posts\/18092\/revisions\/18094"}],"wp:featuredmedia":[{"embeddable":true,"href":"https:\/\/www.egemtv.com\/index.php?rest_route=\/wp\/v2\/media\/18093"}],"wp:attachment":[{"href":"https:\/\/www.egemtv.com\/index.php?rest_route=%2Fwp%2Fv2%2Fmedia&parent=18092"}],"wp:term":[{"taxonomy":"category","embeddable":true,"href":"https:\/\/www.egemtv.com\/index.php?rest_route=%2Fwp%2Fv2%2Fcategories&post=18092"},{"taxonomy":"post_tag","embeddable":true,"href":"https:\/\/www.egemtv.com\/index.php?rest_route=%2Fwp%2Fv2%2Ftags&post=18092"}],"curies":[{"name":"wp","href":"https:\/\/api.w.org\/{rel}","templated":true}]}}