{"id":18089,"date":"2025-02-12T15:01:55","date_gmt":"2025-02-12T12:01:55","guid":{"rendered":"https:\/\/www.egemtv.com\/?p=18089"},"modified":"2025-02-12T15:02:01","modified_gmt":"2025-02-12T12:02:01","slug":"hukumlulerin-urettigi-kovanlar-ureticiye-dagitilacak","status":"publish","type":"post","link":"https:\/\/www.egemtv.com\/?p=18089","title":{"rendered":"H\u00fck\u00fcml\u00fclerin \u00fcretti\u011fi kovanlar \u00fcreticiye da\u011f\u0131t\u0131lacak"},"content":{"rendered":"<p>Yunusemre Belediyesi, Alanya L Tipi Kapal\u0131 ve A\u00e7\u0131k Ceza \u0130nfaz Kurumu \u0130\u015fyurdu M\u00fcd\u00fcrl\u00fc\u011f\u00fc aras\u0131nda ger\u00e7ekle\u015ftirilen i\u015f birli\u011fi ile h\u00fck\u00fcml\u00fclerin \u00fcretti\u011fi kovanlar, Yunusemreli \u00fcreticilere da\u011f\u0131t\u0131lacak.<br \/>\n<br \/>Yunusemre Belediye Ba\u015fkan\u0131 Semih Balaban\u2019\u0131n \u00f6nc\u00fcl\u00fc\u011f\u00fcnde tar\u0131ma ve \u00fcreticilere deste\u011fini her zaman s\u00fcrd\u00fcren Yunusemre Belediyesi, \u00fcreticilere kovan da\u011f\u0131tacak. Adalet Bakanl\u0131\u011f\u0131\u2019n\u0131n ba\u015flatt\u0131\u011f\u0131 Mesleki E\u011fitim Kurslar\u0131 sonucunda Alanya L Tipi Kapal\u0131 ve A\u00e7\u0131k Ceza \u0130nfaz Kurumu \u0130\u015fyurdu M\u00fcd\u00fcrl\u00fc\u011f\u00fc ile yap\u0131lan protokol gere\u011fi h\u00fck\u00fcml\u00fcler taraf\u0131ndan \u00fcretilen 300 ar\u0131 kovan\u0131n\u0131  gerekli \u015fartlar\u0131 ta\u015f\u0131y\u0131p talepte bulunan \u00fcreticilere da\u011f\u0131tacak.<\/p>\n<p>Mart ay\u0131nda da\u011f\u0131t\u0131lacak<br \/>\n<br \/>\u00c7al\u0131\u015fmaya ili\u015fkin bilgi veren Yunusemre Belediye Ba\u015fkan\u0131 Semih Balaban, kovanlar\u0131n da\u011f\u0131t\u0131m\u0131n\u0131 mart ay\u0131nda yapmay\u0131 planlad\u0131klar\u0131n\u0131 belirterek \u015funlar\u0131 s\u00f6yledi: &#8220;Sosyal belediyecilik anlay\u0131\u015f\u0131yla hareket ederek hem h\u00fck\u00fcml\u00fclerimizin topluma kazand\u0131r\u0131lmas\u0131na katk\u0131 sa\u011fl\u0131yor hem de \u00fcreticilerimizin ihtiyac\u0131n\u0131 kar\u015f\u0131lamaya devam ediyoruz. Belediyemize ba\u015fvuran \u00fcreticilerimizin talepleri, K\u0131rsal Kalk\u0131nma Komisyonumuz taraf\u0131ndan de\u011ferlendirilerek uygun bulunan hak sahiplerine Mart ay\u0131 i\u00e7erisinde kovanlar\u0131n teslimat\u0131 yap\u0131lacak. Tar\u0131ma ve \u00fcreticilerimize deste\u011fimiz bundan sonra da devam edecektir.&#8221;<br \/><\/p>\n","protected":false},"excerpt":{"rendered":"<p>Yunusemre Belediyesi, Alanya L Tipi Kapal\u0131 ve A\u00e7\u0131k Ceza \u0130nfaz Kurumu \u0130\u015fyurdu M\u00fcd\u00fcrl\u00fc\u011f\u00fc aras\u0131nda ger\u00e7ekle\u015ftirilen i\u015f birli\u011fi ile h\u00fck\u00fcml\u00fclerin \u00fcretti\u011fi kovanlar, Yunusemreli \u00fcreticilere da\u011f\u0131t\u0131lacak. Yunusemre Belediye Ba\u015fkan\u0131 Semih Balaban\u2019\u0131n \u00f6nc\u00fcl\u00fc\u011f\u00fcnde tar\u0131ma ve \u00fcreticilere deste\u011fini her zaman s\u00fcrd\u00fcren Yunusemre Belediyesi, \u00fcreticilere kovan da\u011f\u0131tacak. Adalet Bakanl\u0131\u011f\u0131\u2019n\u0131n ba\u015flatt\u0131\u011f\u0131 Mesleki E\u011fitim Kurslar\u0131 sonucunda Alanya L Tipi Kapal\u0131 ve A\u00e7\u0131k&#8230;<\/p>\n","protected":false},"author":1,"featured_media":18090,"comment_status":"open","ping_status":"open","sticky":false,"template":"","format":"standard","meta":{"_crdt_document":"","footnotes":""},"categories":[123],"tags":[],"class_list":["post-18089","post","type-post","status-publish","format-standard","has-post-thumbnail","hentry","category-gundem"],"_links":{"self":[{"href":"https:\/\/www.egemtv.com\/index.php?rest_route=\/wp\/v2\/posts\/18089","targetHints":{"allow":["GET"]}}],"collection":[{"href":"https:\/\/www.egemtv.com\/index.php?rest_route=\/wp\/v2\/posts"}],"about":[{"href":"https:\/\/www.egemtv.com\/index.php?rest_route=\/wp\/v2\/types\/post"}],"author":[{"embeddable":true,"href":"https:\/\/www.egemtv.com\/index.php?rest_route=\/wp\/v2\/users\/1"}],"replies":[{"embeddable":true,"href":"https:\/\/www.egemtv.com\/index.php?rest_route=%2Fwp%2Fv2%2Fcomments&post=18089"}],"version-history":[{"count":1,"href":"https:\/\/www.egemtv.com\/index.php?rest_route=\/wp\/v2\/posts\/18089\/revisions"}],"predecessor-version":[{"id":18091,"href":"https:\/\/www.egemtv.com\/index.php?rest_route=\/wp\/v2\/posts\/18089\/revisions\/18091"}],"wp:featuredmedia":[{"embeddable":true,"href":"https:\/\/www.egemtv.com\/index.php?rest_route=\/wp\/v2\/media\/18090"}],"wp:attachment":[{"href":"https:\/\/www.egemtv.com\/index.php?rest_route=%2Fwp%2Fv2%2Fmedia&parent=18089"}],"wp:term":[{"taxonomy":"category","embeddable":true,"href":"https:\/\/www.egemtv.com\/index.php?rest_route=%2Fwp%2Fv2%2Fcategories&post=18089"},{"taxonomy":"post_tag","embeddable":true,"href":"https:\/\/www.egemtv.com\/index.php?rest_route=%2Fwp%2Fv2%2Ftags&post=18089"}],"curies":[{"name":"wp","href":"https:\/\/api.w.org\/{rel}","templated":true}]}}