{"id":18086,"date":"2025-02-12T15:01:49","date_gmt":"2025-02-12T12:01:49","guid":{"rendered":"https:\/\/www.egemtv.com\/?p=18086"},"modified":"2025-02-12T15:01:55","modified_gmt":"2025-02-12T12:01:55","slug":"bolvadin-kar-yagisi-sonrasi-beyaza-burundu","status":"publish","type":"post","link":"https:\/\/www.egemtv.com\/?p=18086","title":{"rendered":"Bolvadin kar ya\u011f\u0131\u015f\u0131 sonras\u0131 beyaza b\u00fcr\u00fcnd\u00fc"},"content":{"rendered":"<p>Afyonkarahisar\u2019da \u00f6\u011fle saatlerinde etkili olan kar ya\u011f\u0131\u015f\u0131 sonras\u0131 Bolvadin ba\u015fta olmak \u00fczere kentin bir \u00e7ok il\u00e7esi adeta beyaz \u00f6rt\u00fcyle kapland\u0131.<br \/>\n<br \/>Bolvadin il\u00e7esinde \u00f6\u011fle saatlerinde etkili olan kar ya\u011f\u0131\u015f\u0131 sonras\u0131 il\u00e7e beyaza b\u00fcr\u00fcnd\u00fc. Kar \u00f6rt\u00fcs\u00fc alt\u0131ndaki Bolvadin dron ile havadan g\u00f6r\u00fcnt\u00fclendi. Ya\u011f\u0131\u015fla birlikte il\u00e7ede hava s\u0131cakl\u0131\u011f\u0131 hissedilir derecelerde azalarak eksi 3 derecelere kadar d\u00fc\u015ft\u00fc. Yakla\u015f\u0131k 2 saat s\u00fcren ya\u011f\u0131\u015f sonras\u0131 il\u00e7edeki ya\u011f\u0131\u015fl\u0131 hava yerini a\u00e7\u0131k bir havaya b\u0131rakt\u0131.<br \/><\/p>\n","protected":false},"excerpt":{"rendered":"<p>Afyonkarahisar\u2019da \u00f6\u011fle saatlerinde etkili olan kar ya\u011f\u0131\u015f\u0131 sonras\u0131 Bolvadin ba\u015fta olmak \u00fczere kentin bir \u00e7ok il\u00e7esi adeta beyaz \u00f6rt\u00fcyle kapland\u0131. Bolvadin il\u00e7esinde \u00f6\u011fle saatlerinde etkili olan kar ya\u011f\u0131\u015f\u0131 sonras\u0131 il\u00e7e beyaza b\u00fcr\u00fcnd\u00fc. Kar \u00f6rt\u00fcs\u00fc alt\u0131ndaki Bolvadin dron ile havadan g\u00f6r\u00fcnt\u00fclendi. Ya\u011f\u0131\u015fla birlikte il\u00e7ede hava s\u0131cakl\u0131\u011f\u0131 hissedilir derecelerde azalarak eksi 3 derecelere kadar d\u00fc\u015ft\u00fc. Yakla\u015f\u0131k 2&#8230;<\/p>\n","protected":false},"author":1,"featured_media":18087,"comment_status":"open","ping_status":"open","sticky":false,"template":"","format":"standard","meta":{"_crdt_document":"","footnotes":""},"categories":[1],"tags":[],"class_list":["post-18086","post","type-post","status-publish","format-standard","has-post-thumbnail","hentry","category-guncel"],"_links":{"self":[{"href":"https:\/\/www.egemtv.com\/index.php?rest_route=\/wp\/v2\/posts\/18086","targetHints":{"allow":["GET"]}}],"collection":[{"href":"https:\/\/www.egemtv.com\/index.php?rest_route=\/wp\/v2\/posts"}],"about":[{"href":"https:\/\/www.egemtv.com\/index.php?rest_route=\/wp\/v2\/types\/post"}],"author":[{"embeddable":true,"href":"https:\/\/www.egemtv.com\/index.php?rest_route=\/wp\/v2\/users\/1"}],"replies":[{"embeddable":true,"href":"https:\/\/www.egemtv.com\/index.php?rest_route=%2Fwp%2Fv2%2Fcomments&post=18086"}],"version-history":[{"count":1,"href":"https:\/\/www.egemtv.com\/index.php?rest_route=\/wp\/v2\/posts\/18086\/revisions"}],"predecessor-version":[{"id":18088,"href":"https:\/\/www.egemtv.com\/index.php?rest_route=\/wp\/v2\/posts\/18086\/revisions\/18088"}],"wp:featuredmedia":[{"embeddable":true,"href":"https:\/\/www.egemtv.com\/index.php?rest_route=\/wp\/v2\/media\/18087"}],"wp:attachment":[{"href":"https:\/\/www.egemtv.com\/index.php?rest_route=%2Fwp%2Fv2%2Fmedia&parent=18086"}],"wp:term":[{"taxonomy":"category","embeddable":true,"href":"https:\/\/www.egemtv.com\/index.php?rest_route=%2Fwp%2Fv2%2Fcategories&post=18086"},{"taxonomy":"post_tag","embeddable":true,"href":"https:\/\/www.egemtv.com\/index.php?rest_route=%2Fwp%2Fv2%2Ftags&post=18086"}],"curies":[{"name":"wp","href":"https:\/\/api.w.org\/{rel}","templated":true}]}}