{"id":18083,"date":"2025-02-12T14:59:29","date_gmt":"2025-02-12T11:59:29","guid":{"rendered":"https:\/\/www.egemtv.com\/?p=18083"},"modified":"2025-02-12T14:59:46","modified_gmt":"2025-02-12T11:59:46","slug":"manisa-fk-yeni-malatyaspor-maci-hazirliklarina-basladi","status":"publish","type":"post","link":"https:\/\/www.egemtv.com\/?p=18083","title":{"rendered":"Manisa FK, Yeni Malatyaspor ma\u00e7\u0131 haz\u0131rl\u0131klar\u0131na ba\u015flad\u0131"},"content":{"rendered":"<p>Manisa Futbol Kul\u00fcb\u00fc, Trendyol 1. Lig\u2019in 25. haftas\u0131nda deplasmanda kar\u015f\u0131la\u015faca\u011f\u0131 Yeni Malatyaspor ma\u00e7\u0131n\u0131n haz\u0131rl\u0131klar\u0131na ba\u015flad\u0131.<br \/>\n<br \/>Manisa Futbol Kul\u00fcb\u00fc, Trendyol 1. Lig\u2019in 25. haftas\u0131nda deplasmanda Yeni Malatyaspor\u2019a konuk olacak. 24. haftada evinde d\u00fcn ak\u015fam oynanan m\u00fccadelede Kocaelispor\u2019a 2-0 yenilen Manisa ekibi, 15 \u015eubat Cumartesi g\u00fcn\u00fc saat 16.00\u2019da Yeni Malatya Stadyumu\u2019nda oynanacak ma\u00e7\u0131n haz\u0131rl\u0131klar\u0131na ba\u015flad\u0131. Teknik Direkt\u00f6r Hakan \u015eap\u00e7\u0131 y\u00f6netiminde ger\u00e7ekle\u015fen antrenman \u0131s\u0131nma hareketleriyle ba\u015flad\u0131. Antrenman dar alan oyunlar\u0131 ve \u015fut \u00e7al\u0131\u015fmas\u0131yla sona erdi.<br \/>\n<br \/>Siyah-beyazl\u0131lar, yar\u0131n yapaca\u011f\u0131 antrenmanla Yeni Malatyaspor ma\u00e7\u0131n\u0131n haz\u0131rl\u0131klar\u0131n\u0131 s\u00fcrd\u00fcrecek. Manisa FK 30 puanla d\u00fc\u015fme hatt\u0131n\u0131n hemen \u00fcst\u00fcnde 16. s\u0131rada yer al\u0131rken, hen\u00fcz puanla tan\u0131\u015famayan Yeni Malatyaspor ise -21 puanla ligin son s\u0131ras\u0131nda bulunuyor.<br \/><\/p>\n","protected":false},"excerpt":{"rendered":"<p>Manisa Futbol Kul\u00fcb\u00fc, Trendyol 1. Lig\u2019in 25. haftas\u0131nda deplasmanda kar\u015f\u0131la\u015faca\u011f\u0131 Yeni Malatyaspor ma\u00e7\u0131n\u0131n haz\u0131rl\u0131klar\u0131na ba\u015flad\u0131. Manisa Futbol Kul\u00fcb\u00fc, Trendyol 1. Lig\u2019in 25. haftas\u0131nda deplasmanda Yeni Malatyaspor\u2019a konuk olacak. 24. haftada evinde d\u00fcn ak\u015fam oynanan m\u00fccadelede Kocaelispor\u2019a 2-0 yenilen Manisa ekibi, 15 \u015eubat Cumartesi g\u00fcn\u00fc saat 16.00\u2019da Yeni Malatya Stadyumu\u2019nda oynanacak ma\u00e7\u0131n haz\u0131rl\u0131klar\u0131na ba\u015flad\u0131. Teknik Direkt\u00f6r&#8230;<\/p>\n","protected":false},"author":1,"featured_media":18084,"comment_status":"open","ping_status":"open","sticky":false,"template":"","format":"standard","meta":{"_crdt_document":"","footnotes":""},"categories":[4],"tags":[],"class_list":["post-18083","post","type-post","status-publish","format-standard","has-post-thumbnail","hentry","category-spor"],"_links":{"self":[{"href":"https:\/\/www.egemtv.com\/index.php?rest_route=\/wp\/v2\/posts\/18083","targetHints":{"allow":["GET"]}}],"collection":[{"href":"https:\/\/www.egemtv.com\/index.php?rest_route=\/wp\/v2\/posts"}],"about":[{"href":"https:\/\/www.egemtv.com\/index.php?rest_route=\/wp\/v2\/types\/post"}],"author":[{"embeddable":true,"href":"https:\/\/www.egemtv.com\/index.php?rest_route=\/wp\/v2\/users\/1"}],"replies":[{"embeddable":true,"href":"https:\/\/www.egemtv.com\/index.php?rest_route=%2Fwp%2Fv2%2Fcomments&post=18083"}],"version-history":[{"count":1,"href":"https:\/\/www.egemtv.com\/index.php?rest_route=\/wp\/v2\/posts\/18083\/revisions"}],"predecessor-version":[{"id":18085,"href":"https:\/\/www.egemtv.com\/index.php?rest_route=\/wp\/v2\/posts\/18083\/revisions\/18085"}],"wp:featuredmedia":[{"embeddable":true,"href":"https:\/\/www.egemtv.com\/index.php?rest_route=\/wp\/v2\/media\/18084"}],"wp:attachment":[{"href":"https:\/\/www.egemtv.com\/index.php?rest_route=%2Fwp%2Fv2%2Fmedia&parent=18083"}],"wp:term":[{"taxonomy":"category","embeddable":true,"href":"https:\/\/www.egemtv.com\/index.php?rest_route=%2Fwp%2Fv2%2Fcategories&post=18083"},{"taxonomy":"post_tag","embeddable":true,"href":"https:\/\/www.egemtv.com\/index.php?rest_route=%2Fwp%2Fv2%2Ftags&post=18083"}],"curies":[{"name":"wp","href":"https:\/\/api.w.org\/{rel}","templated":true}]}}