{"id":18062,"date":"2025-02-12T14:16:51","date_gmt":"2025-02-12T11:16:51","guid":{"rendered":"https:\/\/www.egemtv.com\/?p=18062"},"modified":"2025-02-12T14:16:56","modified_gmt":"2025-02-12T11:16:56","slug":"baskan-cercioglu-tiyatro-eserlerini-aydinlilar-ile-bulusturmaya-devam-ediyor","status":"publish","type":"post","link":"https:\/\/www.egemtv.com\/?p=18062","title":{"rendered":"Ba\u015fkan \u00c7er\u00e7io\u011flu, tiyatro eserlerini Ayd\u0131nl\u0131lar ile bulu\u015fturmaya devam ediyor"},"content":{"rendered":"<p>Ayd\u0131n B\u00fcy\u00fck\u015fehir Belediyesi taraf\u0131ndan d\u00fczenlenen \u2018Kad\u0131n Oyunlar\u0131 Festivali\u2019 devam ediyor. T\u00fcrkiye\u2019nin ve Avrupa\u2019n\u0131n tek kad\u0131n temal\u0131 tiyatro festivalinde birbirinden g\u00fczel eserler vatanda\u015flar ile bulu\u015fuyor.<\/p>\n<p>B\u00fcy\u00fck\u015fehir Belediyesi, Sibel Uluta\u015f taraf\u0131ndan yaz\u0131l\u0131p sergilenen \u2018G\u00fclistan G\u00fclbah\u00e7esi Yani\u2019 oyununu Ayd\u0131nl\u0131lar ile bulu\u015fturdu. \u015eehir hayat\u0131n\u0131n i\u00e7erisinde kendi benli\u011fine hapsolmu\u015f bir kad\u0131n\u0131n hikayesini anlatan tek ki\u015filik g\u00f6steriyi y\u00fczlerce tiyatrosever izledi. Vatanda\u015flar, kendilerini k\u00fclt\u00fcr ve sanat etkinlikleri ile bulu\u015fturan Ayd\u0131n B\u00fcy\u00fck\u015fehir Belediye Ba\u015fkan\u0131 \u00d6zlem \u00c7er\u00e7io\u011flu\u2019na te\u015fekk\u00fcr etti.<\/p>\n<p>Kad\u0131n Oyunlar\u0131 Festivali kapsam\u0131nda 12 \u015eubat \u00c7ar\u015famba g\u00fcn\u00fc saat 20.00\u2019da \u2018Havva De\u011fi\u015fecek Bu Hikaye\u2019, 13 \u015eubat Per\u015fembe g\u00fcn\u00fc saat 20.00\u2019da \u2018Herkes Yolunda\u2019, 14 \u015eubat Cuma g\u00fcn\u00fc saat 20.00\u2019da \u2018Hikayesinde Senden Bahsetti\u2019 eserleri \u00fccretsiz olarak \u015e\u00fckran G\u00fcng\u00f6r-Y\u0131ld\u0131z Kenter K\u00fclt\u00fcr Merkezi ve Tiyatro Salonu\u2019nda Ayd\u0131nl\u0131lar ile bulu\u015facak.<br \/><\/p>\n","protected":false},"excerpt":{"rendered":"<p>Ayd\u0131n B\u00fcy\u00fck\u015fehir Belediyesi taraf\u0131ndan d\u00fczenlenen \u2018Kad\u0131n Oyunlar\u0131 Festivali\u2019 devam ediyor. T\u00fcrkiye\u2019nin ve Avrupa\u2019n\u0131n tek kad\u0131n temal\u0131 tiyatro festivalinde birbirinden g\u00fczel eserler vatanda\u015flar ile bulu\u015fuyor. B\u00fcy\u00fck\u015fehir Belediyesi, Sibel Uluta\u015f taraf\u0131ndan yaz\u0131l\u0131p sergilenen \u2018G\u00fclistan G\u00fclbah\u00e7esi Yani\u2019 oyununu Ayd\u0131nl\u0131lar ile bulu\u015fturdu. \u015eehir hayat\u0131n\u0131n i\u00e7erisinde kendi benli\u011fine hapsolmu\u015f bir kad\u0131n\u0131n hikayesini anlatan tek ki\u015filik g\u00f6steriyi y\u00fczlerce tiyatrosever izledi. Vatanda\u015flar,&#8230;<\/p>\n","protected":false},"author":1,"featured_media":18063,"comment_status":"open","ping_status":"open","sticky":false,"template":"","format":"standard","meta":{"_crdt_document":"","footnotes":""},"categories":[1],"tags":[],"class_list":["post-18062","post","type-post","status-publish","format-standard","has-post-thumbnail","hentry","category-guncel"],"_links":{"self":[{"href":"https:\/\/www.egemtv.com\/index.php?rest_route=\/wp\/v2\/posts\/18062","targetHints":{"allow":["GET"]}}],"collection":[{"href":"https:\/\/www.egemtv.com\/index.php?rest_route=\/wp\/v2\/posts"}],"about":[{"href":"https:\/\/www.egemtv.com\/index.php?rest_route=\/wp\/v2\/types\/post"}],"author":[{"embeddable":true,"href":"https:\/\/www.egemtv.com\/index.php?rest_route=\/wp\/v2\/users\/1"}],"replies":[{"embeddable":true,"href":"https:\/\/www.egemtv.com\/index.php?rest_route=%2Fwp%2Fv2%2Fcomments&post=18062"}],"version-history":[{"count":1,"href":"https:\/\/www.egemtv.com\/index.php?rest_route=\/wp\/v2\/posts\/18062\/revisions"}],"predecessor-version":[{"id":18064,"href":"https:\/\/www.egemtv.com\/index.php?rest_route=\/wp\/v2\/posts\/18062\/revisions\/18064"}],"wp:featuredmedia":[{"embeddable":true,"href":"https:\/\/www.egemtv.com\/index.php?rest_route=\/wp\/v2\/media\/18063"}],"wp:attachment":[{"href":"https:\/\/www.egemtv.com\/index.php?rest_route=%2Fwp%2Fv2%2Fmedia&parent=18062"}],"wp:term":[{"taxonomy":"category","embeddable":true,"href":"https:\/\/www.egemtv.com\/index.php?rest_route=%2Fwp%2Fv2%2Fcategories&post=18062"},{"taxonomy":"post_tag","embeddable":true,"href":"https:\/\/www.egemtv.com\/index.php?rest_route=%2Fwp%2Fv2%2Ftags&post=18062"}],"curies":[{"name":"wp","href":"https:\/\/api.w.org\/{rel}","templated":true}]}}