{"id":18059,"date":"2025-02-12T14:16:46","date_gmt":"2025-02-12T11:16:46","guid":{"rendered":"https:\/\/www.egemtv.com\/?p=18059"},"modified":"2025-02-12T14:16:51","modified_gmt":"2025-02-12T11:16:51","slug":"turgutlu-zabitasi-kaldirim-isgallerine-karsi-denetimlerini-surduruyor","status":"publish","type":"post","link":"https:\/\/www.egemtv.com\/?p=18059","title":{"rendered":"Turgutlu Zab\u0131tas\u0131 kald\u0131r\u0131m i\u015fgallerine kar\u015f\u0131 denetimlerini s\u00fcrd\u00fcr\u00fcyor"},"content":{"rendered":"<p>Turgutlu Belediyesi Zab\u0131ta M\u00fcd\u00fcrl\u00fc\u011f\u00fc ekipleri, kald\u0131r\u0131m i\u015fgallerine kar\u015f\u0131 denetimlerini aral\u0131ks\u0131z olarak s\u00fcrd\u00fcr\u00fcyor.<br \/>\n<br \/>Turgutlu Belediyesi Zab\u0131ta M\u00fcd\u00fcrl\u00fc\u011f\u00fc ekipleri, yayalar\u0131n cadde ve sokaklardaki kald\u0131r\u0131mlar\u0131 g\u00fcvenli kullanabilmeleri amac\u0131yla Turgutlu genelinde pek \u00e7ok noktada denetimlerini ger\u00e7ekle\u015ftirdi. Denetimler s\u0131ras\u0131nda kanun ve mevzuata ayk\u0131r\u0131 olarak motorlu ara\u00e7, ticari malzeme ve g\u0131da \u00fcr\u00fcnlerini kald\u0131r\u0131m ve yol kenarlar\u0131na yerle\u015ftiren ki\u015fi veya ki\u015filer hakk\u0131nda gerekli cezai i\u015flemler uyguland\u0131. Kald\u0131r\u0131m ve yol i\u015fgalinin \u00f6n\u00fcne ge\u00e7mek ad\u0131na denetim ve \u00e7al\u0131\u015fmalar devam edecek.<br \/>\n<br \/>Turgutlu Belediyesi Zab\u0131ta M\u00fcd\u00fcr\u00fc Hasan K\u0131z\u0131l, &#8220;Vatanda\u015flar\u0131m\u0131z\u0131n huzurunu ve esenli\u011fini sa\u011flamak ve olabilecek olumsuzluklar\u0131 engellemek i\u00e7in denetimlerimizi s\u00fcrd\u00fcr\u00fcyoruz. Ge\u00e7i\u015fi engelleyen hi\u00e7bir malzemenin kald\u0131r\u0131m ve yol kenarlar\u0131nda bulunmas\u0131na izin vermeyece\u011fiz. Ekiplerimizle birlikte denetimlerimize devam edece\u011fiz&#8221; dedi.<br \/><\/p>\n","protected":false},"excerpt":{"rendered":"<p>Turgutlu Belediyesi Zab\u0131ta M\u00fcd\u00fcrl\u00fc\u011f\u00fc ekipleri, kald\u0131r\u0131m i\u015fgallerine kar\u015f\u0131 denetimlerini aral\u0131ks\u0131z olarak s\u00fcrd\u00fcr\u00fcyor. Turgutlu Belediyesi Zab\u0131ta M\u00fcd\u00fcrl\u00fc\u011f\u00fc ekipleri, yayalar\u0131n cadde ve sokaklardaki kald\u0131r\u0131mlar\u0131 g\u00fcvenli kullanabilmeleri amac\u0131yla Turgutlu genelinde pek \u00e7ok noktada denetimlerini ger\u00e7ekle\u015ftirdi. Denetimler s\u0131ras\u0131nda kanun ve mevzuata ayk\u0131r\u0131 olarak motorlu ara\u00e7, ticari malzeme ve g\u0131da \u00fcr\u00fcnlerini kald\u0131r\u0131m ve yol kenarlar\u0131na yerle\u015ftiren ki\u015fi veya ki\u015filer hakk\u0131nda&#8230;<\/p>\n","protected":false},"author":1,"featured_media":18060,"comment_status":"open","ping_status":"open","sticky":false,"template":"","format":"standard","meta":{"_crdt_document":"","footnotes":""},"categories":[5],"tags":[],"class_list":["post-18059","post","type-post","status-publish","format-standard","has-post-thumbnail","hentry","category-asayis"],"_links":{"self":[{"href":"https:\/\/www.egemtv.com\/index.php?rest_route=\/wp\/v2\/posts\/18059","targetHints":{"allow":["GET"]}}],"collection":[{"href":"https:\/\/www.egemtv.com\/index.php?rest_route=\/wp\/v2\/posts"}],"about":[{"href":"https:\/\/www.egemtv.com\/index.php?rest_route=\/wp\/v2\/types\/post"}],"author":[{"embeddable":true,"href":"https:\/\/www.egemtv.com\/index.php?rest_route=\/wp\/v2\/users\/1"}],"replies":[{"embeddable":true,"href":"https:\/\/www.egemtv.com\/index.php?rest_route=%2Fwp%2Fv2%2Fcomments&post=18059"}],"version-history":[{"count":1,"href":"https:\/\/www.egemtv.com\/index.php?rest_route=\/wp\/v2\/posts\/18059\/revisions"}],"predecessor-version":[{"id":18061,"href":"https:\/\/www.egemtv.com\/index.php?rest_route=\/wp\/v2\/posts\/18059\/revisions\/18061"}],"wp:featuredmedia":[{"embeddable":true,"href":"https:\/\/www.egemtv.com\/index.php?rest_route=\/wp\/v2\/media\/18060"}],"wp:attachment":[{"href":"https:\/\/www.egemtv.com\/index.php?rest_route=%2Fwp%2Fv2%2Fmedia&parent=18059"}],"wp:term":[{"taxonomy":"category","embeddable":true,"href":"https:\/\/www.egemtv.com\/index.php?rest_route=%2Fwp%2Fv2%2Fcategories&post=18059"},{"taxonomy":"post_tag","embeddable":true,"href":"https:\/\/www.egemtv.com\/index.php?rest_route=%2Fwp%2Fv2%2Ftags&post=18059"}],"curies":[{"name":"wp","href":"https:\/\/api.w.org\/{rel}","templated":true}]}}