{"id":18056,"date":"2025-02-12T14:10:19","date_gmt":"2025-02-12T11:10:19","guid":{"rendered":"https:\/\/www.egemtv.com\/?p=18056"},"modified":"2025-02-12T14:10:28","modified_gmt":"2025-02-12T11:10:28","slug":"afyonkarahisarda-kacak-sahis-yakalandi-4","status":"publish","type":"post","link":"https:\/\/www.egemtv.com\/?p=18056","title":{"rendered":"Afyonkarahisar\u2019da ka\u00e7ak \u015fah\u0131s yakaland\u0131"},"content":{"rendered":"<p>Afyonkarahisar \u0130l Jandarma Komutanl\u0131\u011f\u0131 ekipleri, kasten \u00f6ld\u00fcrme su\u00e7undan hakk\u0131nda 6 y\u0131l 5 ay hapis cezas\u0131 bulunan \u015fahs\u0131 yakalayarak cezaevine g\u00f6nderdi.<br \/>\n<br \/>Afyonkarahisar \u0130l Jandarma Komutanl\u0131\u011f\u0131nca, aranan \u015fah\u0131slar\u0131n tespiti ve yakalanmas\u0131na y\u00f6nelik icra edilen \u00f6nleyici kolluk devriyesinde; hakk\u0131nda kasten \u00f6ld\u00fcrme su\u00e7undan 6 y\u0131l 5 ay hapis cezas\u0131 bulunan T.\u015e. isimli \u015fah\u0131s Afyonkarahisar\u2019da yakaland\u0131. Yakalanan \u015fah\u0131s, \u00e7\u0131kar\u0131ld\u0131\u011f\u0131 mahkemece tutuklanarak Afyonkarahisar 1 Nolu T Tipi Kapal\u0131 Ceza \u0130nfaz Kurumuna teslim edildi.<br \/><\/p>\n","protected":false},"excerpt":{"rendered":"<p>Afyonkarahisar \u0130l Jandarma Komutanl\u0131\u011f\u0131 ekipleri, kasten \u00f6ld\u00fcrme su\u00e7undan hakk\u0131nda 6 y\u0131l 5 ay hapis cezas\u0131 bulunan \u015fahs\u0131 yakalayarak cezaevine g\u00f6nderdi. Afyonkarahisar \u0130l Jandarma Komutanl\u0131\u011f\u0131nca, aranan \u015fah\u0131slar\u0131n tespiti ve yakalanmas\u0131na y\u00f6nelik icra edilen \u00f6nleyici kolluk devriyesinde; hakk\u0131nda kasten \u00f6ld\u00fcrme su\u00e7undan 6 y\u0131l 5 ay hapis cezas\u0131 bulunan T.\u015e. isimli \u015fah\u0131s Afyonkarahisar\u2019da yakaland\u0131. Yakalanan \u015fah\u0131s, \u00e7\u0131kar\u0131ld\u0131\u011f\u0131 mahkemece&#8230;<\/p>\n","protected":false},"author":1,"featured_media":18057,"comment_status":"open","ping_status":"open","sticky":false,"template":"","format":"standard","meta":{"_crdt_document":"","footnotes":""},"categories":[5],"tags":[],"class_list":["post-18056","post","type-post","status-publish","format-standard","has-post-thumbnail","hentry","category-asayis"],"_links":{"self":[{"href":"https:\/\/www.egemtv.com\/index.php?rest_route=\/wp\/v2\/posts\/18056","targetHints":{"allow":["GET"]}}],"collection":[{"href":"https:\/\/www.egemtv.com\/index.php?rest_route=\/wp\/v2\/posts"}],"about":[{"href":"https:\/\/www.egemtv.com\/index.php?rest_route=\/wp\/v2\/types\/post"}],"author":[{"embeddable":true,"href":"https:\/\/www.egemtv.com\/index.php?rest_route=\/wp\/v2\/users\/1"}],"replies":[{"embeddable":true,"href":"https:\/\/www.egemtv.com\/index.php?rest_route=%2Fwp%2Fv2%2Fcomments&post=18056"}],"version-history":[{"count":1,"href":"https:\/\/www.egemtv.com\/index.php?rest_route=\/wp\/v2\/posts\/18056\/revisions"}],"predecessor-version":[{"id":18058,"href":"https:\/\/www.egemtv.com\/index.php?rest_route=\/wp\/v2\/posts\/18056\/revisions\/18058"}],"wp:featuredmedia":[{"embeddable":true,"href":"https:\/\/www.egemtv.com\/index.php?rest_route=\/wp\/v2\/media\/18057"}],"wp:attachment":[{"href":"https:\/\/www.egemtv.com\/index.php?rest_route=%2Fwp%2Fv2%2Fmedia&parent=18056"}],"wp:term":[{"taxonomy":"category","embeddable":true,"href":"https:\/\/www.egemtv.com\/index.php?rest_route=%2Fwp%2Fv2%2Fcategories&post=18056"},{"taxonomy":"post_tag","embeddable":true,"href":"https:\/\/www.egemtv.com\/index.php?rest_route=%2Fwp%2Fv2%2Ftags&post=18056"}],"curies":[{"name":"wp","href":"https:\/\/api.w.org\/{rel}","templated":true}]}}