{"id":18050,"date":"2025-02-12T14:01:02","date_gmt":"2025-02-12T11:01:02","guid":{"rendered":"https:\/\/www.egemtv.com\/?p=18050"},"modified":"2025-02-12T14:01:10","modified_gmt":"2025-02-12T11:01:10","slug":"kusadasispor-transferin-son-gununde-gaza-basti","status":"publish","type":"post","link":"https:\/\/www.egemtv.com\/?p=18050","title":{"rendered":"Ku\u015fadas\u0131spor, transferin son g\u00fcn\u00fcnde gaza bast\u0131"},"content":{"rendered":"<p>TFF 3. Lig ekiplerinden Ku\u015fadas\u0131spor, transferin son g\u00fcn\u00fcnde kadrosunu g\u00fc\u00e7lendirmek ad\u0131na \u00f6nemli hamleler yapt\u0131. Siyah-beyazl\u0131 ekip, farkl\u0131 kul\u00fcplerden 5 oyuncuyu renklerine ba\u011flad\u0131.<\/p>\n<p>Ku\u015fadas\u0131 temsilcisi, kaleci mevkiine S\u00f6kespor\u2019dan Emre K\u0131z\u0131lbo\u011fa\u2019y\u0131 transfer ederken, savunma ve orta saha hatt\u0131na da takviyeler yapt\u0131. Bursaspor\u2019dan Emir Abdio\u011flu, Isparta 32 Spor\u2019dan Enes Alphan ve \u0130lhan Do\u011fanay ile anla\u015fan Ku\u015fadas\u0131spor, Alt\u0131nordu\u2019dan ise Atacan B\u00fcy\u00fckekeyi\u2019yi kadrosuna katt\u0131.<\/p>\n<p>Transferlerle ilgili a\u00e7\u0131klama yapan Ku\u015fadas\u0131spor Kul\u00fcb\u00fc Ba\u015fkan\u0131 Yaser Do\u011fan &#8220;Devre aras\u0131nda b\u00fct\u00fcn tak\u0131m\u0131 sil ba\u015ftan yeniledik. Tak\u0131ma yeni gelen arkada\u015flar\u0131m\u0131z\u0131n meyvesini Bornova 1877 deplasman\u0131nda ald\u0131k ve almaya da devam edece\u011fiz. Arkada\u015flar\u0131m\u0131z\u0131n hepsinin bir hedefi var. Ku\u015fadas\u0131spor\u2019a daha iyi yerlere getirmek i\u00e7in gece g\u00fcnd\u00fcz \u00e7al\u0131\u015fmalara devam ediyoruz. Bu tak\u0131m bu sene d\u00fc\u015fmeyecek biz kenetlendik ve inan\u0131yoruz&#8221; dedi.<br \/><\/p>\n","protected":false},"excerpt":{"rendered":"<p>TFF 3. Lig ekiplerinden Ku\u015fadas\u0131spor, transferin son g\u00fcn\u00fcnde kadrosunu g\u00fc\u00e7lendirmek ad\u0131na \u00f6nemli hamleler yapt\u0131. Siyah-beyazl\u0131 ekip, farkl\u0131 kul\u00fcplerden 5 oyuncuyu renklerine ba\u011flad\u0131. Ku\u015fadas\u0131 temsilcisi, kaleci mevkiine S\u00f6kespor\u2019dan Emre K\u0131z\u0131lbo\u011fa\u2019y\u0131 transfer ederken, savunma ve orta saha hatt\u0131na da takviyeler yapt\u0131. Bursaspor\u2019dan Emir Abdio\u011flu, Isparta 32 Spor\u2019dan Enes Alphan ve \u0130lhan Do\u011fanay ile anla\u015fan Ku\u015fadas\u0131spor, Alt\u0131nordu\u2019dan ise&#8230;<\/p>\n","protected":false},"author":1,"featured_media":18051,"comment_status":"open","ping_status":"open","sticky":false,"template":"","format":"standard","meta":{"_crdt_document":"","footnotes":""},"categories":[4],"tags":[],"class_list":["post-18050","post","type-post","status-publish","format-standard","has-post-thumbnail","hentry","category-spor"],"_links":{"self":[{"href":"https:\/\/www.egemtv.com\/index.php?rest_route=\/wp\/v2\/posts\/18050","targetHints":{"allow":["GET"]}}],"collection":[{"href":"https:\/\/www.egemtv.com\/index.php?rest_route=\/wp\/v2\/posts"}],"about":[{"href":"https:\/\/www.egemtv.com\/index.php?rest_route=\/wp\/v2\/types\/post"}],"author":[{"embeddable":true,"href":"https:\/\/www.egemtv.com\/index.php?rest_route=\/wp\/v2\/users\/1"}],"replies":[{"embeddable":true,"href":"https:\/\/www.egemtv.com\/index.php?rest_route=%2Fwp%2Fv2%2Fcomments&post=18050"}],"version-history":[{"count":1,"href":"https:\/\/www.egemtv.com\/index.php?rest_route=\/wp\/v2\/posts\/18050\/revisions"}],"predecessor-version":[{"id":18052,"href":"https:\/\/www.egemtv.com\/index.php?rest_route=\/wp\/v2\/posts\/18050\/revisions\/18052"}],"wp:featuredmedia":[{"embeddable":true,"href":"https:\/\/www.egemtv.com\/index.php?rest_route=\/wp\/v2\/media\/18051"}],"wp:attachment":[{"href":"https:\/\/www.egemtv.com\/index.php?rest_route=%2Fwp%2Fv2%2Fmedia&parent=18050"}],"wp:term":[{"taxonomy":"category","embeddable":true,"href":"https:\/\/www.egemtv.com\/index.php?rest_route=%2Fwp%2Fv2%2Fcategories&post=18050"},{"taxonomy":"post_tag","embeddable":true,"href":"https:\/\/www.egemtv.com\/index.php?rest_route=%2Fwp%2Fv2%2Ftags&post=18050"}],"curies":[{"name":"wp","href":"https:\/\/api.w.org\/{rel}","templated":true}]}}