{"id":18047,"date":"2025-02-12T13:59:10","date_gmt":"2025-02-12T10:59:10","guid":{"rendered":"https:\/\/www.egemtv.com\/?p=18047"},"modified":"2025-02-12T13:59:13","modified_gmt":"2025-02-12T10:59:13","slug":"babaannesini-ziyarete-giderken-gecirdigi-kazada-hayatini-kaybetti","status":"publish","type":"post","link":"https:\/\/www.egemtv.com\/?p=18047","title":{"rendered":"Babaannesini ziyarete giderken ge\u00e7irdi\u011fi kazada hayat\u0131n\u0131 kaybetti"},"content":{"rendered":"<p>Manisa\u2019n\u0131n Ala\u015fehir il\u00e7esinde hasta olan babaannesini ziyarete giderken direksiyon hakimiyetini kaybederek devrilen motosikletli gen\u00e7 adam kald\u0131r\u0131ld\u0131\u011f\u0131 hastanede hayat\u0131n\u0131 kaybetti.<br \/>\n<br \/>Ala\u015fehir -Salihli karayolu Akke\u00e7ili Mahallesi mevkiinde d\u00fcn gece meydana gelen kazada Zekeriya \u00d6zsar\u0131 (26) hayat\u0131n\u0131 kaybetti. Zekeriya \u00d6zsar\u0131\u2019n\u0131n ak\u015fam saat 22.00 s\u0131ralar\u0131nda hasta olan babaannesini 45 ZB 568 plakal\u0131 motosikletiyle ziyarete giderken direksiyon hakimiyetini kaybederek devrildi. Kazada a\u011f\u0131r yaralanan Zekeriya \u00d6zsar\u0131 \u00f6nce il\u00e7edeki \u00f6zel bir hastaneye ard\u0131ndan da Salihli Devlet Hastanesine sevk edildi. Zekeriya \u00d6zsar\u0131 t\u00fcm m\u00fcdahalelere ra\u011fmen kurtar\u0131lamayarak hayat\u0131n\u0131 kaybetti. Polisin kazayla ilgili soru\u015fturmas\u0131 devam ediyor.<br \/><\/p>\n","protected":false},"excerpt":{"rendered":"<p>Manisa\u2019n\u0131n Ala\u015fehir il\u00e7esinde hasta olan babaannesini ziyarete giderken direksiyon hakimiyetini kaybederek devrilen motosikletli gen\u00e7 adam kald\u0131r\u0131ld\u0131\u011f\u0131 hastanede hayat\u0131n\u0131 kaybetti. Ala\u015fehir -Salihli karayolu Akke\u00e7ili Mahallesi mevkiinde d\u00fcn gece meydana gelen kazada Zekeriya \u00d6zsar\u0131 (26) hayat\u0131n\u0131 kaybetti. Zekeriya \u00d6zsar\u0131\u2019n\u0131n ak\u015fam saat 22.00 s\u0131ralar\u0131nda hasta olan babaannesini 45 ZB 568 plakal\u0131 motosikletiyle ziyarete giderken direksiyon hakimiyetini kaybederek devrildi&#8230;.<\/p>\n","protected":false},"author":1,"featured_media":18048,"comment_status":"open","ping_status":"open","sticky":false,"template":"","format":"standard","meta":{"_crdt_document":"","footnotes":""},"categories":[5],"tags":[],"class_list":["post-18047","post","type-post","status-publish","format-standard","has-post-thumbnail","hentry","category-asayis"],"_links":{"self":[{"href":"https:\/\/www.egemtv.com\/index.php?rest_route=\/wp\/v2\/posts\/18047","targetHints":{"allow":["GET"]}}],"collection":[{"href":"https:\/\/www.egemtv.com\/index.php?rest_route=\/wp\/v2\/posts"}],"about":[{"href":"https:\/\/www.egemtv.com\/index.php?rest_route=\/wp\/v2\/types\/post"}],"author":[{"embeddable":true,"href":"https:\/\/www.egemtv.com\/index.php?rest_route=\/wp\/v2\/users\/1"}],"replies":[{"embeddable":true,"href":"https:\/\/www.egemtv.com\/index.php?rest_route=%2Fwp%2Fv2%2Fcomments&post=18047"}],"version-history":[{"count":1,"href":"https:\/\/www.egemtv.com\/index.php?rest_route=\/wp\/v2\/posts\/18047\/revisions"}],"predecessor-version":[{"id":18049,"href":"https:\/\/www.egemtv.com\/index.php?rest_route=\/wp\/v2\/posts\/18047\/revisions\/18049"}],"wp:featuredmedia":[{"embeddable":true,"href":"https:\/\/www.egemtv.com\/index.php?rest_route=\/wp\/v2\/media\/18048"}],"wp:attachment":[{"href":"https:\/\/www.egemtv.com\/index.php?rest_route=%2Fwp%2Fv2%2Fmedia&parent=18047"}],"wp:term":[{"taxonomy":"category","embeddable":true,"href":"https:\/\/www.egemtv.com\/index.php?rest_route=%2Fwp%2Fv2%2Fcategories&post=18047"},{"taxonomy":"post_tag","embeddable":true,"href":"https:\/\/www.egemtv.com\/index.php?rest_route=%2Fwp%2Fv2%2Ftags&post=18047"}],"curies":[{"name":"wp","href":"https:\/\/api.w.org\/{rel}","templated":true}]}}