{"id":18044,"date":"2025-02-12T13:54:31","date_gmt":"2025-02-12T10:54:31","guid":{"rendered":"https:\/\/www.egemtv.com\/?p=18044"},"modified":"2025-02-12T13:54:36","modified_gmt":"2025-02-12T10:54:36","slug":"denizliye-bir-ilki-yasatmaya-hazirlanan-denizlispor-cavidil-vali-coskunu-ziyaret-etti","status":"publish","type":"post","link":"https:\/\/www.egemtv.com\/?p=18044","title":{"rendered":"Denizli\u2019ye bir ilki ya\u015fatmaya haz\u0131rlanan Denizlispor Cavidil, Vali Co\u015fkun\u2019u ziyaret etti"},"content":{"rendered":"<p>Off Yar\u0131 Final etab\u0131n\u0131 ge\u00e7erek finallere ad\u0131n\u0131 yazd\u0131ran Denizlispor Cavidil Erkek Voleybol Tak\u0131m\u0131, ba\u015far\u0131s\u0131n\u0131 Vali \u00d6mer Faruk Co\u015fkun ile payla\u015ft\u0131.<br \/>\n<br \/>Eski\u015fehir\u2019de d\u00fczenlenen  play-off yar\u0131 final ma\u00e7lar\u0131nda ba\u015far\u0131 sa\u011flayarak play-off final gurubuna kalan Denizlispor Cavidil Erkek Voleybol Tak\u0131m\u0131, final ma\u00e7lar\u0131 \u00f6ncesi Denizli Valisi \u00d6mer Faruk Co\u015fkun\u2019u makam\u0131nda ziyaret etti.  Denizlispor Cavidil As Ba\u015fkan\u0131 Ali At\u0131c\u0131, teknik heyet ve sporcular, Vali Co\u015fkun\u2019a yar\u0131 final m\u00fcsabakalar\u0131 ve oynanacak final ma\u00e7lar\u0131 ile bilgi vererek, kendisinden destek istedi.<\/p>\n<p>Kendilerini a\u011f\u0131rlayan Vali Co\u015fkun\u2019a te\u015fekk\u00fcr eden As Ba\u015fkan At\u0131c\u0131, &#8220;Say\u0131n Valimize bizleri kabul edip a\u011f\u0131rlad\u0131\u011f\u0131 i\u00e7in ve nazik ev sahipli\u011finden dolay\u0131 \u00e7ok te\u015fekk\u00fcr ederiz. Kentimize bir ilki ya\u015fatmak i\u00e7in \u00e7\u0131kt\u0131\u011f\u0131m\u0131z yolculu\u011fumuzda, bir\u00e7ok g\u00fc\u00e7l\u00fc rakibimizi geride b\u0131rakarak yar\u0131 finallerde elde eti\u011fimiz ba\u015far\u0131dan duydu\u011fumuz gurur ve sevinci payla\u015ft\u0131k. Kendilerinin de destekleri ile in\u015fallah tak\u0131m\u0131m\u0131z\u0131 1. Lige \u00e7\u0131kartaca\u011f\u0131z ve Denizli tarihinde bir ilki ba\u015faraca\u011f\u0131z&#8221; dedi.<\/p>\n<p>Ba\u015far\u0131lar\u0131ndan dolay\u0131 y\u00f6netim, teknik heyet ve sporcular\u0131 tebrik eden Vali Co\u015fkun da ziyaretten dolay\u0131 \u00e7ok memnun oldu\u011funu ve 1. Lig yolunda Denizlispor Cavidil tak\u0131m\u0131na ba\u015far\u0131lar diledi\u011fini ifade etti.<br \/><\/p>\n","protected":false},"excerpt":{"rendered":"<p>Off Yar\u0131 Final etab\u0131n\u0131 ge\u00e7erek finallere ad\u0131n\u0131 yazd\u0131ran Denizlispor Cavidil Erkek Voleybol Tak\u0131m\u0131, ba\u015far\u0131s\u0131n\u0131 Vali \u00d6mer Faruk Co\u015fkun ile payla\u015ft\u0131. Eski\u015fehir\u2019de d\u00fczenlenen play-off yar\u0131 final ma\u00e7lar\u0131nda ba\u015far\u0131 sa\u011flayarak play-off final gurubuna kalan Denizlispor Cavidil Erkek Voleybol Tak\u0131m\u0131, final ma\u00e7lar\u0131 \u00f6ncesi Denizli Valisi \u00d6mer Faruk Co\u015fkun\u2019u makam\u0131nda ziyaret etti. Denizlispor Cavidil As Ba\u015fkan\u0131 Ali At\u0131c\u0131, teknik&#8230;<\/p>\n","protected":false},"author":1,"featured_media":18045,"comment_status":"open","ping_status":"open","sticky":false,"template":"","format":"standard","meta":{"_crdt_document":"","footnotes":""},"categories":[4],"tags":[],"class_list":["post-18044","post","type-post","status-publish","format-standard","has-post-thumbnail","hentry","category-spor"],"_links":{"self":[{"href":"https:\/\/www.egemtv.com\/index.php?rest_route=\/wp\/v2\/posts\/18044","targetHints":{"allow":["GET"]}}],"collection":[{"href":"https:\/\/www.egemtv.com\/index.php?rest_route=\/wp\/v2\/posts"}],"about":[{"href":"https:\/\/www.egemtv.com\/index.php?rest_route=\/wp\/v2\/types\/post"}],"author":[{"embeddable":true,"href":"https:\/\/www.egemtv.com\/index.php?rest_route=\/wp\/v2\/users\/1"}],"replies":[{"embeddable":true,"href":"https:\/\/www.egemtv.com\/index.php?rest_route=%2Fwp%2Fv2%2Fcomments&post=18044"}],"version-history":[{"count":1,"href":"https:\/\/www.egemtv.com\/index.php?rest_route=\/wp\/v2\/posts\/18044\/revisions"}],"predecessor-version":[{"id":18046,"href":"https:\/\/www.egemtv.com\/index.php?rest_route=\/wp\/v2\/posts\/18044\/revisions\/18046"}],"wp:featuredmedia":[{"embeddable":true,"href":"https:\/\/www.egemtv.com\/index.php?rest_route=\/wp\/v2\/media\/18045"}],"wp:attachment":[{"href":"https:\/\/www.egemtv.com\/index.php?rest_route=%2Fwp%2Fv2%2Fmedia&parent=18044"}],"wp:term":[{"taxonomy":"category","embeddable":true,"href":"https:\/\/www.egemtv.com\/index.php?rest_route=%2Fwp%2Fv2%2Fcategories&post=18044"},{"taxonomy":"post_tag","embeddable":true,"href":"https:\/\/www.egemtv.com\/index.php?rest_route=%2Fwp%2Fv2%2Ftags&post=18044"}],"curies":[{"name":"wp","href":"https:\/\/api.w.org\/{rel}","templated":true}]}}