{"id":18041,"date":"2025-02-12T13:30:53","date_gmt":"2025-02-12T10:30:53","guid":{"rendered":"https:\/\/www.egemtv.com\/?p=18041"},"modified":"2025-02-12T13:30:58","modified_gmt":"2025-02-12T10:30:58","slug":"cumhurbaskanina-hakaretten-tutuklanan-levent-arkana-bir-suc-duyurusu-daha","status":"publish","type":"post","link":"https:\/\/www.egemtv.com\/?p=18041","title":{"rendered":"Cumhurba\u015fkan\u0131na hakaretten tutuklanan Levent Arkan\u2019a bir su\u00e7 duyurusu daha"},"content":{"rendered":"<p>Bodrum Tan\u0131tma Vakf\u0131 (BOTAV) eski reklam koordinat\u00f6r\u00fc ve Mu\u011fla B\u00fcy\u00fck\u015fehir Belediye Ba\u015fkan\u0131 Ahmet Aras\u2019\u0131n eski dan\u0131\u015fman\u0131 Levent Arkan hakk\u0131nda kamu g\u00f6revlisine hakaretten yeni bir su\u00e7 duyurusu yap\u0131ld\u0131.<br \/>\n<br \/>Bodrum Belediye Ba\u015fkanl\u0131\u011f\u0131 d\u00f6neminde Ahmet Aras\u2019\u0131n ba\u015fdan\u0131\u015fmanl\u0131\u011f\u0131n\u0131 ve BOTAV Reklam Koordinat\u00f6rl\u00fc\u011f\u00fc g\u00f6revini \u00fcstlenen Arkan, kamu g\u00f6revlilerine y\u00f6nelik hakaretleri nedeniyle ceza alm\u0131\u015ft\u0131. Cumhurba\u015fkan\u0131 Recep Tayyip Erdo\u011fan\u2019a hakaretten 56 g\u00fcn hapis yatan ve yarg\u0131 s\u00fcreci devam eden Arkan, \u0130zmir 7. Asliye Ceza Mahkemesi\u2019nde de kamu g\u00f6revlisine hakaret su\u00e7undan 14 ay hapis cezas\u0131na \u00e7arpt\u0131r\u0131lm\u0131\u015ft\u0131. Bodrum\u2019da da kesinle\u015fmi\u015f hakaret cezalar\u0131 bulunan Arkan hakk\u0131nda yeni bir su\u00e7 duyurusunda bulunuldu.<br \/>\n<br \/>Levent Arkan, Bodrum Belediyesi ile ilgili de sosyal medya hesaplar\u0131nda yolsuzluk ve beceriksizlik iddialar\u0131nda bulunmu\u015f, hatta Bodrum Belediye Ba\u015fkan\u0131 Tamer Mandalinci hakk\u0131nda da sert a\u00e7\u0131klamalarda bulunmu\u015ftu. Ba\u015fkan Mandalinci \u015fikayette bulunmam\u0131\u015f ancak Levent Arkan\u2019\u0131n da haz\u0131r bulundu\u011fu halka a\u00e7\u0131k meclis toplant\u0131s\u0131nda ayn\u0131 sertlikle kar\u015f\u0131l\u0131k vermi\u015fti<br \/>\n<br \/>C.\u00d6. isimli bir ki\u015fi, Bodrum Cumhuriyet Ba\u015fsavc\u0131l\u0131\u011f\u0131\u2019na ba\u015fvurarak Arkan\u2019\u0131n kamu g\u00f6revlilerine hakaret etti\u011fini belirtti. Ba\u015fsavc\u0131l\u0131\u011f\u0131n su\u00e7 duyurusunu i\u015fleme ald\u0131\u011f\u0131 ve Arkan hakk\u0131nda yeni bir soru\u015fturma ba\u015flatt\u0131\u011f\u0131 \u00f6\u011frenildi.<br \/>\n<br \/>\u0130zmir 7. Asliye Ceza Mahkemesi\u2019nde Arkan hakk\u0131nda verilen 14 ayl\u0131k hapis cezas\u0131 h\u00fckm\u00fcn a\u00e7\u0131klanmas\u0131n\u0131n geri b\u0131rak\u0131lmas\u0131 (HAGB) kapsam\u0131nda ertelenmi\u015fti. Ancak Bodrum 2. Asliye Ceza Mahkemesi\u2019nde ald\u0131\u011f\u0131 cezan\u0131n kesinle\u015fmesiyle birlikte, \u0130zmir 7. Asliye Ceza Mahkemesi HAGB karar\u0131n\u0131 kald\u0131rd\u0131. Mahkeme, h\u00fckm\u00fc a\u00e7\u0131klayarak 10 Nisan 2025\u2019e duru\u015fma g\u00fcn\u00fc verdi.<br \/><\/p>\n","protected":false},"excerpt":{"rendered":"<p>Bodrum Tan\u0131tma Vakf\u0131 (BOTAV) eski reklam koordinat\u00f6r\u00fc ve Mu\u011fla B\u00fcy\u00fck\u015fehir Belediye Ba\u015fkan\u0131 Ahmet Aras\u2019\u0131n eski dan\u0131\u015fman\u0131 Levent Arkan hakk\u0131nda kamu g\u00f6revlisine hakaretten yeni bir su\u00e7 duyurusu yap\u0131ld\u0131. Bodrum Belediye Ba\u015fkanl\u0131\u011f\u0131 d\u00f6neminde Ahmet Aras\u2019\u0131n ba\u015fdan\u0131\u015fmanl\u0131\u011f\u0131n\u0131 ve BOTAV Reklam Koordinat\u00f6rl\u00fc\u011f\u00fc g\u00f6revini \u00fcstlenen Arkan, kamu g\u00f6revlilerine y\u00f6nelik hakaretleri nedeniyle ceza alm\u0131\u015ft\u0131. Cumhurba\u015fkan\u0131 Recep Tayyip Erdo\u011fan\u2019a hakaretten 56 g\u00fcn&#8230;<\/p>\n","protected":false},"author":1,"featured_media":18042,"comment_status":"open","ping_status":"open","sticky":false,"template":"","format":"standard","meta":{"_crdt_document":"","footnotes":""},"categories":[5],"tags":[],"class_list":["post-18041","post","type-post","status-publish","format-standard","has-post-thumbnail","hentry","category-asayis"],"_links":{"self":[{"href":"https:\/\/www.egemtv.com\/index.php?rest_route=\/wp\/v2\/posts\/18041","targetHints":{"allow":["GET"]}}],"collection":[{"href":"https:\/\/www.egemtv.com\/index.php?rest_route=\/wp\/v2\/posts"}],"about":[{"href":"https:\/\/www.egemtv.com\/index.php?rest_route=\/wp\/v2\/types\/post"}],"author":[{"embeddable":true,"href":"https:\/\/www.egemtv.com\/index.php?rest_route=\/wp\/v2\/users\/1"}],"replies":[{"embeddable":true,"href":"https:\/\/www.egemtv.com\/index.php?rest_route=%2Fwp%2Fv2%2Fcomments&post=18041"}],"version-history":[{"count":1,"href":"https:\/\/www.egemtv.com\/index.php?rest_route=\/wp\/v2\/posts\/18041\/revisions"}],"predecessor-version":[{"id":18043,"href":"https:\/\/www.egemtv.com\/index.php?rest_route=\/wp\/v2\/posts\/18041\/revisions\/18043"}],"wp:featuredmedia":[{"embeddable":true,"href":"https:\/\/www.egemtv.com\/index.php?rest_route=\/wp\/v2\/media\/18042"}],"wp:attachment":[{"href":"https:\/\/www.egemtv.com\/index.php?rest_route=%2Fwp%2Fv2%2Fmedia&parent=18041"}],"wp:term":[{"taxonomy":"category","embeddable":true,"href":"https:\/\/www.egemtv.com\/index.php?rest_route=%2Fwp%2Fv2%2Fcategories&post=18041"},{"taxonomy":"post_tag","embeddable":true,"href":"https:\/\/www.egemtv.com\/index.php?rest_route=%2Fwp%2Fv2%2Ftags&post=18041"}],"curies":[{"name":"wp","href":"https:\/\/api.w.org\/{rel}","templated":true}]}}