{"id":18035,"date":"2025-02-12T13:14:24","date_gmt":"2025-02-12T10:14:24","guid":{"rendered":"https:\/\/www.egemtv.com\/?p=18035"},"modified":"2025-02-12T13:14:28","modified_gmt":"2025-02-12T10:14:28","slug":"simitci-ferdi-adini-aldigi-ferdi-tayfur-icin-binlerce-kisiye-hayir-dagitti","status":"publish","type":"post","link":"https:\/\/www.egemtv.com\/?p=18035","title":{"rendered":"Simit\u00e7i Ferdi ad\u0131n\u0131 ald\u0131\u011f\u0131 Ferdi Tayfur i\u00e7in binlerce ki\u015fiye hay\u0131r da\u011f\u0131tt\u0131"},"content":{"rendered":"<p>Denizli\u2019de babas\u0131n\u0131n hayran\u0131 oldu\u011fu Ferdi Tayfur\u2019dan ad\u0131n\u0131 alan pastane i\u015fletmecisi Ferdi Ko\u00e7yi\u011fit, b\u00fcy\u00fck ustana an\u0131s\u0131na t\u00fcm \u015fubelerinde simit hayr\u0131 yapt\u0131.<\/p>\n<p>Denizli\u2019de pastane i\u015fleten Ferdi Ko\u00e7yi\u011fit, babas\u0131n\u0131n hayranl\u0131\u011f\u0131 dolay\u0131s\u0131yla ad\u0131n\u0131 ald\u0131\u011f\u0131 Ferdi Tayfur i\u00e7in hay\u0131r yapt\u0131. Denizli\u2019de 6 \u015fubesi bulunan gen\u00e7 i\u015fletmeci Ko\u00e7yi\u011fit, t\u00fcm \u015fubelerinde b\u00fcy\u00fck usta Ferdi Tayfur\u2019un vefat\u0131n\u0131n 40. g\u00fcn\u00fc dolay\u0131s\u0131yla simit da\u011f\u0131tt\u0131.<\/p>\n<p>Ad\u0131n\u0131n babas\u0131n\u0131n Ferdi Tayfur\u2019a olan hayranl\u0131\u011f\u0131ndan dolay\u0131 Ferdi konuldu\u011funu belirten gen\u00e7 i\u015fletmeci Ko\u00e7yi\u011fit, &#8220;Babam Ferdi Tayfur hayran\u0131yd\u0131. Bu y\u00fczden ad\u0131m\u0131 da Ferdi koydu. B\u00fcy\u00fck ustan\u0131n vefat\u0131n\u0131n 40. g\u00fcn\u00fcnde b\u00f6yle bir hay\u0131r yapmak istedik. 6 \u015fubemizin tamam\u0131nda simit hayr\u0131 yap\u0131yoruz. Allah hayr\u0131m\u0131z\u0131 kabul etsin. B\u00fcy\u00fck ustan\u0131n mekan\u0131 cennet olsun&#8221; dedi.<br \/><\/p>\n","protected":false},"excerpt":{"rendered":"<p>Denizli\u2019de babas\u0131n\u0131n hayran\u0131 oldu\u011fu Ferdi Tayfur\u2019dan ad\u0131n\u0131 alan pastane i\u015fletmecisi Ferdi Ko\u00e7yi\u011fit, b\u00fcy\u00fck ustana an\u0131s\u0131na t\u00fcm \u015fubelerinde simit hayr\u0131 yapt\u0131. Denizli\u2019de pastane i\u015fleten Ferdi Ko\u00e7yi\u011fit, babas\u0131n\u0131n hayranl\u0131\u011f\u0131 dolay\u0131s\u0131yla ad\u0131n\u0131 ald\u0131\u011f\u0131 Ferdi Tayfur i\u00e7in hay\u0131r yapt\u0131. Denizli\u2019de 6 \u015fubesi bulunan gen\u00e7 i\u015fletmeci Ko\u00e7yi\u011fit, t\u00fcm \u015fubelerinde b\u00fcy\u00fck usta Ferdi Tayfur\u2019un vefat\u0131n\u0131n 40. g\u00fcn\u00fc dolay\u0131s\u0131yla simit da\u011f\u0131tt\u0131. Ad\u0131n\u0131n&#8230;<\/p>\n","protected":false},"author":1,"featured_media":18036,"comment_status":"open","ping_status":"open","sticky":false,"template":"","format":"standard","meta":{"_crdt_document":"","footnotes":""},"categories":[123],"tags":[],"class_list":["post-18035","post","type-post","status-publish","format-standard","has-post-thumbnail","hentry","category-gundem"],"_links":{"self":[{"href":"https:\/\/www.egemtv.com\/index.php?rest_route=\/wp\/v2\/posts\/18035","targetHints":{"allow":["GET"]}}],"collection":[{"href":"https:\/\/www.egemtv.com\/index.php?rest_route=\/wp\/v2\/posts"}],"about":[{"href":"https:\/\/www.egemtv.com\/index.php?rest_route=\/wp\/v2\/types\/post"}],"author":[{"embeddable":true,"href":"https:\/\/www.egemtv.com\/index.php?rest_route=\/wp\/v2\/users\/1"}],"replies":[{"embeddable":true,"href":"https:\/\/www.egemtv.com\/index.php?rest_route=%2Fwp%2Fv2%2Fcomments&post=18035"}],"version-history":[{"count":1,"href":"https:\/\/www.egemtv.com\/index.php?rest_route=\/wp\/v2\/posts\/18035\/revisions"}],"predecessor-version":[{"id":18037,"href":"https:\/\/www.egemtv.com\/index.php?rest_route=\/wp\/v2\/posts\/18035\/revisions\/18037"}],"wp:featuredmedia":[{"embeddable":true,"href":"https:\/\/www.egemtv.com\/index.php?rest_route=\/wp\/v2\/media\/18036"}],"wp:attachment":[{"href":"https:\/\/www.egemtv.com\/index.php?rest_route=%2Fwp%2Fv2%2Fmedia&parent=18035"}],"wp:term":[{"taxonomy":"category","embeddable":true,"href":"https:\/\/www.egemtv.com\/index.php?rest_route=%2Fwp%2Fv2%2Fcategories&post=18035"},{"taxonomy":"post_tag","embeddable":true,"href":"https:\/\/www.egemtv.com\/index.php?rest_route=%2Fwp%2Fv2%2Ftags&post=18035"}],"curies":[{"name":"wp","href":"https:\/\/api.w.org\/{rel}","templated":true}]}}