{"id":18029,"date":"2025-02-12T13:06:17","date_gmt":"2025-02-12T10:06:17","guid":{"rendered":"https:\/\/www.egemtv.com\/?p=18029"},"modified":"2025-02-12T13:06:22","modified_gmt":"2025-02-12T10:06:22","slug":"budanan-asmalardan-kesilen-cubuklar-gubreye-donusuyor","status":"publish","type":"post","link":"https:\/\/www.egemtv.com\/?p=18029","title":{"rendered":"Budanan asmalardan kesilen \u00e7ubuklar g\u00fcbreye d\u00f6n\u00fc\u015f\u00fcyor"},"content":{"rendered":"<p>Denizli\u2019nin Buldan il\u00e7esinde Sultaniye \u00e7ekirdeksiz \u00fcz\u00fcm ba\u011flar\u0131nda budama \u00e7al\u0131\u015fmalar\u0131 ba\u015flad\u0131. Ba\u011flarda kestikleri \u00e7ubuklar\u0131 k\u0131rma makinalar\u0131nda k\u0131rd\u0131klar\u0131n\u0131 belirten \u00fcz\u00fcm yeti\u015ftiricisi \u00d6zkan G\u00fcm\u00fc\u015f, &#8220;Ba\u011flarda kesti\u011fimiz \u00e7ubuklar\u0131 da k\u0131rma makinalar\u0131m\u0131zla k\u0131rarak ba\u011f\u0131m\u0131z\u0131n i\u00e7inde b\u0131rak\u0131yoruz. Bu \u00e7ubuklar hemen \u00e7\u00fcr\u00fcd\u00fc\u011f\u00fc i\u00e7in g\u00fcbre haline geliyor&#8221; dedi.<br \/>\n<br \/>Denizli\u2019nin Buldan il\u00e7esinde bulunan Yenicekent Mahallesi\u2019nde Sultaniye \u00e7ekirdeksiz \u00fcz\u00fcm ba\u011flar\u0131nda budama \u00e7al\u0131\u015fmalar\u0131 ba\u015flad\u0131. \u00dcz\u00fcm ba\u011flar\u0131n\u0131n sa\u011fl\u0131kl\u0131 bir \u015fekilde geli\u015febilmesi i\u00e7in budama i\u015flemleri b\u00fcy\u00fck bir titizlikle yap\u0131l\u0131yor. Kesilen \u00e7ubuklar, k\u0131rma makinalar\u0131nda k\u0131r\u0131ld\u0131ktan sonra g\u00fcbre olmas\u0131 i\u00e7in ba\u011flar\u0131n i\u00e7ine b\u0131rak\u0131l\u0131yor. \u00dcz\u00fcm yeti\u015ftiricisi \u00d6zkan G\u00fcm\u00fc\u015f, bu y\u0131lki budama \u00e7al\u0131\u015fmalar\u0131na kas\u0131m ay\u0131nda ba\u015flad\u0131klar\u0131n\u0131 belirterek, &#8220;Budama \u00e7al\u0131\u015fmalar\u0131 kas\u0131m ay\u0131nda ba\u015flayarak, ocak, \u015fubat ve mart aylar\u0131na kadar devam ediyor. K\u0131\u015f\u0131n zorlu \u015fartlara ra\u011fmen \u00e7al\u0131\u015farak istedi\u011fimiz kaliteyi ve verimi elde etmeye gayret ediyoruz. Budama yap\u0131lmad\u0131\u011f\u0131 takdirde ba\u011flar ya\u015flan\u0131r ve verim d\u00fc\u015fer. Bu y\u00fczden ba\u011flar\u0131n gen\u00e7le\u015fmesi ve daha kaliteli \u00fcr\u00fcn alabilmek i\u00e7in \u00e7ubuklar\u0131 do\u011fru \u015fekilde kesiyoruz&#8221; dedi.<\/p>\n<p>&#8220;\u0130stedi\u011fimiz kaliteyi ve verimi elde etmek i\u00e7in bu zorlu hava \u015fartlar\u0131nda \u00e7al\u0131\u015f\u0131yoruz&#8221;<br \/>\n<br \/>K\u0131\u015f aylar\u0131nda ba\u011flarda budama i\u015flerine ba\u015flad\u0131klar\u0131n\u0131 belirten G\u00fcm\u00fc\u015f, &#8220;Budamay\u0131 erkekler, budand\u0131ktan sonra da kad\u0131n i\u015f\u00e7iler gelerek \u00e7ubuk i\u015fleri ile u\u011fra\u015f\u0131yorlar. \u0130stedi\u011fimiz kaliteyi ve verimi elde etmek i\u00e7in bu zorlu hava \u015fartlar\u0131nda \u00e7al\u0131\u015f\u0131yoruz. Ge\u00e7imimizi sa\u011flamak i\u00e7in k\u0131\u015f\u0131n so\u011fu\u011funda, yaz\u0131n s\u0131ca\u011f\u0131nda bu \u00e7al\u0131\u015fmalar\u0131 yapmak zorunday\u0131z. \u00dcz\u00fcm ba\u011flar\u0131nda budama yaparken, ba\u011f\u0131n gen\u00e7le\u015fmesi, \u00f6n\u00fcm\u00fczdeki sezonda daha kaliteli ve y\u00fcksek verim alabilmek i\u00e7in k\u0131lavuz dedi\u011fimiz \u00e7ubuklardan \u00fc\u00e7 g\u00f6z vermek zorunday\u0131z. Bunlar\u0131 vermedi\u011fimiz zaman ba\u011flar ya\u015flan\u0131r. 20 sene dayanacak asma on y\u0131lda biter. D\u00fczg\u00fcn ve sa\u011fl\u0131kl\u0131 \u00e7ubuklar\u0131 b\u0131rak\u0131p temizli\u011fine \u00f6nem veriyoruz. Bu i\u015fi bilen i\u015f\u00e7i arkada\u015flar\u0131m\u0131zla \u00e7al\u0131\u015f\u0131yoruz. Ba\u011flar\u0131 mutlaka budamam\u0131z \u015fart. Ba\u011flarda kesti\u011fimiz \u00e7ubuklar\u0131 da k\u0131rma makinalar\u0131m\u0131zla k\u0131rarak ba\u011f\u0131m\u0131z\u0131n i\u00e7inde b\u0131rak\u0131yoruz. Bu \u00e7ubuklar hemen \u00e7\u00fcr\u00fcd\u00fc\u011f\u00fc i\u00e7in g\u00fcbre haline geliyor&#8221; dedi.<\/p>\n<p>&#8220;Har\u00e7l\u0131\u011f\u0131m\u0131 \u00e7\u0131karmak ve aile ekonomisine katk\u0131 yapmak i\u00e7in bu so\u011fuk havalarda \u00e7al\u0131\u015f\u0131yorum&#8221;<br \/>\n<br \/>Ba\u011f budama i\u00e7in Manisa Sar\u0131g\u00f6l\u2019den Buldan Yenicekent Mahallesi\u2019ne \u00e7al\u0131\u015fmaya geldi\u011fini s\u00f6yleyen Caner M\u00fcza\u00e7, &#8220;Sabah erken saatlerde kalk\u0131p yola \u00e7\u0131k\u0131yoruz. Sabah sekizden \u00f6\u011fleden sonra \u00fc\u00e7e kadar budama i\u015fi yap\u0131yorum. Har\u00e7l\u0131\u011f\u0131m\u0131 \u00e7\u0131karmak ve aile ekonomisine katk\u0131 yapmak i\u00e7in bu so\u011fuk havalarda \u00e7al\u0131\u015f\u0131yorum&#8221; diye konu\u015ftu.<br \/><\/p>\n","protected":false},"excerpt":{"rendered":"<p>Denizli\u2019nin Buldan il\u00e7esinde Sultaniye \u00e7ekirdeksiz \u00fcz\u00fcm ba\u011flar\u0131nda budama \u00e7al\u0131\u015fmalar\u0131 ba\u015flad\u0131. Ba\u011flarda kestikleri \u00e7ubuklar\u0131 k\u0131rma makinalar\u0131nda k\u0131rd\u0131klar\u0131n\u0131 belirten \u00fcz\u00fcm yeti\u015ftiricisi \u00d6zkan G\u00fcm\u00fc\u015f, &#8220;Ba\u011flarda kesti\u011fimiz \u00e7ubuklar\u0131 da k\u0131rma makinalar\u0131m\u0131zla k\u0131rarak ba\u011f\u0131m\u0131z\u0131n i\u00e7inde b\u0131rak\u0131yoruz. Bu \u00e7ubuklar hemen \u00e7\u00fcr\u00fcd\u00fc\u011f\u00fc i\u00e7in g\u00fcbre haline geliyor&#8221; dedi. Denizli\u2019nin Buldan il\u00e7esinde bulunan Yenicekent Mahallesi\u2019nde Sultaniye \u00e7ekirdeksiz \u00fcz\u00fcm ba\u011flar\u0131nda budama \u00e7al\u0131\u015fmalar\u0131 ba\u015flad\u0131. \u00dcz\u00fcm ba\u011flar\u0131n\u0131n&#8230;<\/p>\n","protected":false},"author":1,"featured_media":18030,"comment_status":"open","ping_status":"open","sticky":false,"template":"","format":"standard","meta":{"_crdt_document":"","footnotes":""},"categories":[125],"tags":[],"class_list":["post-18029","post","type-post","status-publish","format-standard","has-post-thumbnail","hentry","category-ekonomi"],"_links":{"self":[{"href":"https:\/\/www.egemtv.com\/index.php?rest_route=\/wp\/v2\/posts\/18029","targetHints":{"allow":["GET"]}}],"collection":[{"href":"https:\/\/www.egemtv.com\/index.php?rest_route=\/wp\/v2\/posts"}],"about":[{"href":"https:\/\/www.egemtv.com\/index.php?rest_route=\/wp\/v2\/types\/post"}],"author":[{"embeddable":true,"href":"https:\/\/www.egemtv.com\/index.php?rest_route=\/wp\/v2\/users\/1"}],"replies":[{"embeddable":true,"href":"https:\/\/www.egemtv.com\/index.php?rest_route=%2Fwp%2Fv2%2Fcomments&post=18029"}],"version-history":[{"count":1,"href":"https:\/\/www.egemtv.com\/index.php?rest_route=\/wp\/v2\/posts\/18029\/revisions"}],"predecessor-version":[{"id":18033,"href":"https:\/\/www.egemtv.com\/index.php?rest_route=\/wp\/v2\/posts\/18029\/revisions\/18033"}],"wp:featuredmedia":[{"embeddable":true,"href":"https:\/\/www.egemtv.com\/index.php?rest_route=\/wp\/v2\/media\/18030"}],"wp:attachment":[{"href":"https:\/\/www.egemtv.com\/index.php?rest_route=%2Fwp%2Fv2%2Fmedia&parent=18029"}],"wp:term":[{"taxonomy":"category","embeddable":true,"href":"https:\/\/www.egemtv.com\/index.php?rest_route=%2Fwp%2Fv2%2Fcategories&post=18029"},{"taxonomy":"post_tag","embeddable":true,"href":"https:\/\/www.egemtv.com\/index.php?rest_route=%2Fwp%2Fv2%2Ftags&post=18029"}],"curies":[{"name":"wp","href":"https:\/\/api.w.org\/{rel}","templated":true}]}}