{"id":18026,"date":"2025-02-12T13:06:09","date_gmt":"2025-02-12T10:06:09","guid":{"rendered":"https:\/\/www.egemtv.com\/?p=18026"},"modified":"2025-02-12T13:06:16","modified_gmt":"2025-02-12T10:06:16","slug":"sandikli-adliyesinde-cocuk-gorusme-odasi-kuruldu","status":"publish","type":"post","link":"https:\/\/www.egemtv.com\/?p=18026","title":{"rendered":"Sand\u0131kl\u0131 Adliyesi\u2019nde \u00e7ocuk g\u00f6r\u00fc\u015fme odas\u0131 kuruldu"},"content":{"rendered":"<p>Afyonkarahisar Sand\u0131kl\u0131 Adliyesi\u2019nde \u00e7ocuk g\u00f6r\u00fc\u015fme odas\u0131 kurulurken, g\u00f6r\u00fc\u015fme odas\u0131nda \u00e7ocuklar\u0131n kendini daha iyi hissetmeleri ve rahat bir ortam olu\u015fturulmas\u0131 ad\u0131na \u00e7ocuk oyun alanlar\u0131, kitaplar ve oyuncaklar bulunuyor.<br \/>\n<br \/>Sand\u0131kl\u0131 Adliyesinde \u00e7ocuklar\u0131n yarg\u0131lama s\u0131ras\u0131nda \u00fcst\u00fcn yarar\u0131n\u0131n korunmas\u0131 \u00f6zellikle ma\u011fduriyeti bulunan \u00e7ocuklar\u0131n duru\u015fma veya di\u011fer adli i\u015flemler s\u00fcrecinde olumsuz etkilenmemesi i\u00e7in adliyede vakit ge\u00e7irebilmesi, \u00e7ocuklar\u0131n uzman psikologlar ile g\u00f6r\u00fc\u015fme ger\u00e7ekle\u015ftirebilmesi, \u00e7ocuklar\u0131n yarg\u0131lamalar nedeni ile duyduklar\u0131 kayg\u0131 d\u00fczeylerinin en aza indirilebilmesi amac\u0131 ile \u00e7ocuk g\u00f6r\u00fc\u015fme odas\u0131 kuruldu.<br \/>\n<br \/>\u00c7ocuklar i\u00e7in Adalet Projesi \u00e7er\u00e7evesinde y\u00fcr\u00fct\u00fclen \u00e7al\u0131\u015fmalar sonras\u0131 \u00e7ocuk g\u00f6r\u00fc\u015fme odalar\u0131 i\u00e7in standartlar\u0131n belirlenmesi ama\u00e7lanan bu faaliyet i\u00e7inde &#8220;\u00e7ocukla adli g\u00f6r\u00fc\u015fme&#8221; ba\u015fl\u0131\u011f\u0131 sadece ma\u011fdur \u00e7ocukla g\u00f6r\u00fc\u015fmenin de\u011fil ayn\u0131 zamanda tan\u0131k ve su\u00e7a s\u00fcr\u00fcklenen \u00e7ocuk s\u0131fat\u0131yla dinlenen \u00e7ocuklar\u0131n da projeye dahil oldu\u011fu ifade edildi.<br \/>\n<br \/>A\u00e7\u0131l\u0131\u015f\u0131 Sand\u0131kl\u0131 Kaymakam\u0131 \u00d6nder \u00c7engel,  Sand\u0131kl\u0131 Cumhuriyet Ba\u015fsavc\u0131s\u0131 Hasan K\u00f6ro\u011flu ve Sand\u0131kl\u0131 Ticaret Odas\u0131 Ba\u015fkan\u0131 Bekir \u00c7etin taraf\u0131ndan ger\u00e7ekle\u015ftirildi.<br \/><\/p>\n","protected":false},"excerpt":{"rendered":"<p>Afyonkarahisar Sand\u0131kl\u0131 Adliyesi\u2019nde \u00e7ocuk g\u00f6r\u00fc\u015fme odas\u0131 kurulurken, g\u00f6r\u00fc\u015fme odas\u0131nda \u00e7ocuklar\u0131n kendini daha iyi hissetmeleri ve rahat bir ortam olu\u015fturulmas\u0131 ad\u0131na \u00e7ocuk oyun alanlar\u0131, kitaplar ve oyuncaklar bulunuyor. Sand\u0131kl\u0131 Adliyesinde \u00e7ocuklar\u0131n yarg\u0131lama s\u0131ras\u0131nda \u00fcst\u00fcn yarar\u0131n\u0131n korunmas\u0131 \u00f6zellikle ma\u011fduriyeti bulunan \u00e7ocuklar\u0131n duru\u015fma veya di\u011fer adli i\u015flemler s\u00fcrecinde olumsuz etkilenmemesi i\u00e7in adliyede vakit ge\u00e7irebilmesi, \u00e7ocuklar\u0131n uzman psikologlar ile&#8230;<\/p>\n","protected":false},"author":1,"featured_media":18027,"comment_status":"open","ping_status":"open","sticky":false,"template":"","format":"standard","meta":{"_crdt_document":"","footnotes":""},"categories":[1],"tags":[],"class_list":["post-18026","post","type-post","status-publish","format-standard","has-post-thumbnail","hentry","category-guncel"],"_links":{"self":[{"href":"https:\/\/www.egemtv.com\/index.php?rest_route=\/wp\/v2\/posts\/18026","targetHints":{"allow":["GET"]}}],"collection":[{"href":"https:\/\/www.egemtv.com\/index.php?rest_route=\/wp\/v2\/posts"}],"about":[{"href":"https:\/\/www.egemtv.com\/index.php?rest_route=\/wp\/v2\/types\/post"}],"author":[{"embeddable":true,"href":"https:\/\/www.egemtv.com\/index.php?rest_route=\/wp\/v2\/users\/1"}],"replies":[{"embeddable":true,"href":"https:\/\/www.egemtv.com\/index.php?rest_route=%2Fwp%2Fv2%2Fcomments&post=18026"}],"version-history":[{"count":1,"href":"https:\/\/www.egemtv.com\/index.php?rest_route=\/wp\/v2\/posts\/18026\/revisions"}],"predecessor-version":[{"id":18028,"href":"https:\/\/www.egemtv.com\/index.php?rest_route=\/wp\/v2\/posts\/18026\/revisions\/18028"}],"wp:featuredmedia":[{"embeddable":true,"href":"https:\/\/www.egemtv.com\/index.php?rest_route=\/wp\/v2\/media\/18027"}],"wp:attachment":[{"href":"https:\/\/www.egemtv.com\/index.php?rest_route=%2Fwp%2Fv2%2Fmedia&parent=18026"}],"wp:term":[{"taxonomy":"category","embeddable":true,"href":"https:\/\/www.egemtv.com\/index.php?rest_route=%2Fwp%2Fv2%2Fcategories&post=18026"},{"taxonomy":"post_tag","embeddable":true,"href":"https:\/\/www.egemtv.com\/index.php?rest_route=%2Fwp%2Fv2%2Ftags&post=18026"}],"curies":[{"name":"wp","href":"https:\/\/api.w.org\/{rel}","templated":true}]}}