{"id":18023,"date":"2025-02-12T12:54:07","date_gmt":"2025-02-12T09:54:07","guid":{"rendered":"https:\/\/www.egemtv.com\/?p=18023"},"modified":"2025-02-12T12:54:11","modified_gmt":"2025-02-12T09:54:11","slug":"turbeldak-4-derecede-yurudu","status":"publish","type":"post","link":"https:\/\/www.egemtv.com\/?p=18023","title":{"rendered":"TURBELDAK -4 derecede y\u00fcr\u00fcd\u00fc"},"content":{"rendered":"<p>Turgutlu Belediyesi K\u00fclt\u00fcr ve Sosyal \u0130\u015fler M\u00fcd\u00fcrl\u00fc\u011f\u00fcne ba\u011fl\u0131 Da\u011fc\u0131l\u0131k Akademisi (TURBELDAK), bu haftaki y\u00fcr\u00fcy\u00fc\u015f parkurunu Spil Da\u011f\u0131\u2019nda ger\u00e7ekle\u015ftirdi. Yaz-K\u0131\u015f Y\u00fcr\u00fcy\u00fc\u015f Liderleri Orhan Mert ve Haydar Atilla\u2019n\u0131n rehberli\u011finde yap\u0131lan etkinlik, sabah\u0131n erken saatlerinde-4 dereceyi g\u00f6steren bir havada ba\u015flad\u0131.<br \/>\n<br \/>TURBELDAK taraf\u0131ndan Spil Da\u011f\u0131\u2019nda ger\u00e7ekle\u015ftirilen y\u00fcr\u00fcy\u00fc\u015f, sisli, so\u011fuk ve karl\u0131 bir havada, \u00e7am, \u00e7\u0131nar ve me\u015fe a\u011fa\u00e7lar\u0131 aras\u0131ndaki do\u011fal g\u00fczelliklerle dolu bir parkurda yap\u0131ld\u0131. Kat\u0131l\u0131mc\u0131lar, do\u011fan\u0131n k\u0131\u015f mevsimindeki b\u00fcy\u00fcleyici atmosferinde ilerlerken etkileyici manzaralarla keyifli bir deneyim ya\u015fad\u0131lar. Orman alanlar\u0131nda, do\u011fal patikalarda ve -4 dereceyi g\u00f6steren havada yap\u0131lan y\u00fcr\u00fcy\u00fc\u015f, dostane bir ortamda devam etti. Kat\u0131l\u0131mc\u0131lar, do\u011fan\u0131n g\u00fczelliklerini foto\u011fraflayarak unutulmaz anlar biriktirdi. Y\u00fcr\u00fcy\u00fc\u015f liderlerinin tecr\u00fcbesi ve kat\u0131l\u0131mc\u0131lar\u0131n uyumu sayesinde yakla\u015f\u0131k 12 kilometrelik y\u00fcr\u00fcy\u00fc\u015f sorunsuz bir \u015fekilde tamamland\u0131.<br \/>\n<br \/>Yaz-K\u0131\u015f Y\u00fcr\u00fcy\u00fc\u015f Lideri Orhan Mert, &#8220;TURBELDAK\u2019\u0131n bu haftaki rotas\u0131 Spil Da\u011f\u0131 oldu. Yorucu ama bir o kadar g\u00fczel bir y\u00fcr\u00fcy\u00fc\u015f yapt\u0131k. G\u00fcn\u00fcn sonunda, do\u011fan\u0131n sundu\u011fu t\u00fcm zorluklara ra\u011fmen unutulmaz bir deneyim ya\u015fam\u0131\u015ft\u0131k. K\u0131\u015f\u0131n en sert g\u00fcnlerinden birinde, Spil Da\u011f\u0131\u2019n\u0131n b\u00fcy\u00fcleyici g\u00fczelliklerine tan\u0131k olman\u0131n keyfiyle geri d\u00f6nd\u00fck. Bu y\u00fcr\u00fcy\u00fc\u015f, hem do\u011fayla hem de kendimizle yeniden bulu\u015ftu\u011fumuz bir g\u00fcn olarak haf\u0131zalar\u0131m\u0131za kaz\u0131nd\u0131. Her etkinli\u011fimizde oldu\u011fu gibi bu etkinli\u011fimizde de hem do\u011fa sevgisini hem de dostluk ba\u011flar\u0131m\u0131z\u0131 peki\u015ftirdik. Y\u00fcr\u00fcy\u00fc\u015f\u00fcm\u00fcze kat\u0131lan t\u00fcm arkada\u015flar\u0131m\u0131za te\u015fekk\u00fcr ederim&#8221; dedi.<br \/><\/p>\n","protected":false},"excerpt":{"rendered":"<p>Turgutlu Belediyesi K\u00fclt\u00fcr ve Sosyal \u0130\u015fler M\u00fcd\u00fcrl\u00fc\u011f\u00fcne ba\u011fl\u0131 Da\u011fc\u0131l\u0131k Akademisi (TURBELDAK), bu haftaki y\u00fcr\u00fcy\u00fc\u015f parkurunu Spil Da\u011f\u0131\u2019nda ger\u00e7ekle\u015ftirdi. Yaz-K\u0131\u015f Y\u00fcr\u00fcy\u00fc\u015f Liderleri Orhan Mert ve Haydar Atilla\u2019n\u0131n rehberli\u011finde yap\u0131lan etkinlik, sabah\u0131n erken saatlerinde-4 dereceyi g\u00f6steren bir havada ba\u015flad\u0131. TURBELDAK taraf\u0131ndan Spil Da\u011f\u0131\u2019nda ger\u00e7ekle\u015ftirilen y\u00fcr\u00fcy\u00fc\u015f, sisli, so\u011fuk ve karl\u0131 bir havada, \u00e7am, \u00e7\u0131nar ve me\u015fe a\u011fa\u00e7lar\u0131 aras\u0131ndaki&#8230;<\/p>\n","protected":false},"author":1,"featured_media":18024,"comment_status":"open","ping_status":"open","sticky":false,"template":"","format":"standard","meta":{"_crdt_document":"","footnotes":""},"categories":[4],"tags":[],"class_list":["post-18023","post","type-post","status-publish","format-standard","has-post-thumbnail","hentry","category-spor"],"_links":{"self":[{"href":"https:\/\/www.egemtv.com\/index.php?rest_route=\/wp\/v2\/posts\/18023","targetHints":{"allow":["GET"]}}],"collection":[{"href":"https:\/\/www.egemtv.com\/index.php?rest_route=\/wp\/v2\/posts"}],"about":[{"href":"https:\/\/www.egemtv.com\/index.php?rest_route=\/wp\/v2\/types\/post"}],"author":[{"embeddable":true,"href":"https:\/\/www.egemtv.com\/index.php?rest_route=\/wp\/v2\/users\/1"}],"replies":[{"embeddable":true,"href":"https:\/\/www.egemtv.com\/index.php?rest_route=%2Fwp%2Fv2%2Fcomments&post=18023"}],"version-history":[{"count":1,"href":"https:\/\/www.egemtv.com\/index.php?rest_route=\/wp\/v2\/posts\/18023\/revisions"}],"predecessor-version":[{"id":18025,"href":"https:\/\/www.egemtv.com\/index.php?rest_route=\/wp\/v2\/posts\/18023\/revisions\/18025"}],"wp:featuredmedia":[{"embeddable":true,"href":"https:\/\/www.egemtv.com\/index.php?rest_route=\/wp\/v2\/media\/18024"}],"wp:attachment":[{"href":"https:\/\/www.egemtv.com\/index.php?rest_route=%2Fwp%2Fv2%2Fmedia&parent=18023"}],"wp:term":[{"taxonomy":"category","embeddable":true,"href":"https:\/\/www.egemtv.com\/index.php?rest_route=%2Fwp%2Fv2%2Fcategories&post=18023"},{"taxonomy":"post_tag","embeddable":true,"href":"https:\/\/www.egemtv.com\/index.php?rest_route=%2Fwp%2Fv2%2Ftags&post=18023"}],"curies":[{"name":"wp","href":"https:\/\/api.w.org\/{rel}","templated":true}]}}