{"id":18020,"date":"2025-02-12T12:54:05","date_gmt":"2025-02-12T09:54:05","guid":{"rendered":"https:\/\/www.egemtv.com\/?p=18020"},"modified":"2025-02-12T12:54:06","modified_gmt":"2025-02-12T09:54:06","slug":"yatak-odasinda-yanan-komur-kovasiyla-yatan-muhtar-hayatini-kaybetti","status":"publish","type":"post","link":"https:\/\/www.egemtv.com\/?p=18020","title":{"rendered":"Yatak odas\u0131nda yanan k\u00f6m\u00fcr kovas\u0131yla yatan muhtar hayat\u0131n\u0131 kaybetti"},"content":{"rendered":"<p>Manisa\u2019n\u0131n Ala\u015fehir il\u00e7esine ba\u011fl\u0131 Bah\u00e7edere Mahallesi Muhtar\u0131 Nezir Ert\u00fcrk (55)\u2019ten haber alamayan vatanda\u015flar kap\u0131s\u0131n\u0131 k\u0131rarak girdikleri evde, muhtar\u0131 bayg\u0131n bir vaziyette buldu. Hastaneye kald\u0131r\u0131lan muhtar yap\u0131lan t\u00fcm m\u00fcdahalelere ra\u011fmen hayat\u0131n\u0131 kaybetti. Muhtar\u0131n yatmadan \u00f6nce yatak odas\u0131na sobadan \u00e7\u0131kard\u0131\u011f\u0131 k\u00f6m\u00fcr kovas\u0131n\u0131 koydu\u011fu tespit edildi.<br \/>\n<br \/>Ala\u015fehir\u2019in Bah\u00e7edere Mahallesinde 2014 y\u0131l\u0131ndan bu yana 3 d\u00f6nemdir muhtarl\u0131k yapan, bekar ve evde tek ba\u015f\u0131na ya\u015fayan Muhtar Nezir Ert\u00fcrk\u2019ten haber alamayan in\u015faat i\u015f\u00e7ileri muhtar\u0131n ses vermemesine \u00fczerine kap\u0131s\u0131n\u0131 k\u0131rarak girdikleri evindeki yatak odas\u0131nda bayg\u0131n bir \u015fekilde yatt\u0131\u011f\u0131n\u0131 g\u00f6rd\u00fc. Muhtar\u0131 bayg\u0131n bulan i\u015f\u00e7iler durumu hemen 112 Acil \u00c7a\u011fr\u0131 merkezine iletti. Olay yerine jandarma ve sa\u011fl\u0131k ekipleri sevk edildi. \u0130l\u00e7edeki \u00f6zel bir hastaneye kald\u0131r\u0131lan Muhtar Nezir Ert\u00fcrk yap\u0131lan t\u00fcm m\u00fcdahalelere ra\u011fmen hayat\u0131n\u0131 kaybetti. Jandarma ekipleri yatak odas\u0131nda sobadan \u00e7\u0131kar\u0131lm\u0131\u015f yanar vaziyette k\u00f6m\u00fcr kovas\u0131 buldu. Karbon monoksit gaz\u0131ndan zehirlenerek hayat\u0131n\u0131 kaybetti\u011fi d\u00fc\u015f\u00fcn\u00fclen muhtar\u0131n cenazesi Ala\u015fehir Devlet Hastanesi morguna kald\u0131r\u0131l\u0131rken, kesin \u00f6l\u00fcm sebebinin yap\u0131lacak otopsinin ard\u0131ndan \u00f6\u011frenilece\u011fi a\u00e7\u0131kland\u0131. Jandarman\u0131n olayla ilgili soru\u015fturmas\u0131 devam ediyor.<br \/><\/p>\n","protected":false},"excerpt":{"rendered":"<p>Manisa\u2019n\u0131n Ala\u015fehir il\u00e7esine ba\u011fl\u0131 Bah\u00e7edere Mahallesi Muhtar\u0131 Nezir Ert\u00fcrk (55)\u2019ten haber alamayan vatanda\u015flar kap\u0131s\u0131n\u0131 k\u0131rarak girdikleri evde, muhtar\u0131 bayg\u0131n bir vaziyette buldu. Hastaneye kald\u0131r\u0131lan muhtar yap\u0131lan t\u00fcm m\u00fcdahalelere ra\u011fmen hayat\u0131n\u0131 kaybetti. Muhtar\u0131n yatmadan \u00f6nce yatak odas\u0131na sobadan \u00e7\u0131kard\u0131\u011f\u0131 k\u00f6m\u00fcr kovas\u0131n\u0131 koydu\u011fu tespit edildi. Ala\u015fehir\u2019in Bah\u00e7edere Mahallesinde 2014 y\u0131l\u0131ndan bu yana 3 d\u00f6nemdir muhtarl\u0131k yapan, bekar&#8230;<\/p>\n","protected":false},"author":1,"featured_media":18021,"comment_status":"open","ping_status":"open","sticky":false,"template":"","format":"standard","meta":{"_crdt_document":"","footnotes":""},"categories":[5],"tags":[],"class_list":["post-18020","post","type-post","status-publish","format-standard","has-post-thumbnail","hentry","category-asayis"],"_links":{"self":[{"href":"https:\/\/www.egemtv.com\/index.php?rest_route=\/wp\/v2\/posts\/18020","targetHints":{"allow":["GET"]}}],"collection":[{"href":"https:\/\/www.egemtv.com\/index.php?rest_route=\/wp\/v2\/posts"}],"about":[{"href":"https:\/\/www.egemtv.com\/index.php?rest_route=\/wp\/v2\/types\/post"}],"author":[{"embeddable":true,"href":"https:\/\/www.egemtv.com\/index.php?rest_route=\/wp\/v2\/users\/1"}],"replies":[{"embeddable":true,"href":"https:\/\/www.egemtv.com\/index.php?rest_route=%2Fwp%2Fv2%2Fcomments&post=18020"}],"version-history":[{"count":1,"href":"https:\/\/www.egemtv.com\/index.php?rest_route=\/wp\/v2\/posts\/18020\/revisions"}],"predecessor-version":[{"id":18022,"href":"https:\/\/www.egemtv.com\/index.php?rest_route=\/wp\/v2\/posts\/18020\/revisions\/18022"}],"wp:featuredmedia":[{"embeddable":true,"href":"https:\/\/www.egemtv.com\/index.php?rest_route=\/wp\/v2\/media\/18021"}],"wp:attachment":[{"href":"https:\/\/www.egemtv.com\/index.php?rest_route=%2Fwp%2Fv2%2Fmedia&parent=18020"}],"wp:term":[{"taxonomy":"category","embeddable":true,"href":"https:\/\/www.egemtv.com\/index.php?rest_route=%2Fwp%2Fv2%2Fcategories&post=18020"},{"taxonomy":"post_tag","embeddable":true,"href":"https:\/\/www.egemtv.com\/index.php?rest_route=%2Fwp%2Fv2%2Ftags&post=18020"}],"curies":[{"name":"wp","href":"https:\/\/api.w.org\/{rel}","templated":true}]}}