{"id":18017,"date":"2025-02-12T12:53:59","date_gmt":"2025-02-12T09:53:59","guid":{"rendered":"https:\/\/www.egemtv.com\/?p=18017"},"modified":"2025-02-12T12:54:04","modified_gmt":"2025-02-12T09:54:04","slug":"ogrenciler-depreme-karsi-bilgilendirildi","status":"publish","type":"post","link":"https:\/\/www.egemtv.com\/?p=18017","title":{"rendered":"\u00d6\u011frenciler depreme kar\u015f\u0131 bilgilendirildi"},"content":{"rendered":"<p>Ayd\u0131n\u2019\u0131n Kuyucak il\u00e7esinde jandarma ekiplerince \u00f6\u011frencilere deprem e\u011fitimi verildi, tatbikat yap\u0131ld\u0131.<\/p>\n<p>Ayd\u0131n \u0130l Jandarma Komutanl\u0131\u011f\u0131 Aile \u0130\u00e7i \u015eiddetle M\u00fccadele ve \u00c7ocuk K\u0131s\u0131m Amirli\u011fi, JAK Tim Komutanl\u0131\u011f\u0131 ve Kuyucak \u0130l\u00e7e Jandarma Komutanl\u0131\u011f\u0131nca Kuyucak il\u00e7esi Yamalak \u0130lk ve Ortaokulu\u2019nda e\u011fitim g\u00f6ren \u00f6\u011frenciler ve \u00f6\u011fretmenlere y\u00f6nelik bilgilendirme faaliyeti ger\u00e7ekle\u015ftirildi. 2024-2025 E\u011fitim \u00d6\u011fretim d\u00f6neminin ikinci yar\u0131s\u0131n\u0131n ba\u015flamas\u0131 sebebiyle \u00e7ocuklar\u0131n su\u00e7a s\u00fcr\u00fcklenmesini yada su\u00e7 ma\u011fduru olmalar\u0131n\u0131 \u00f6nlemek maksad\u0131yla \u2018Su\u00e7tan Korunma ve Ki\u015fisel G\u00fcvenlik\u2019 konular\u0131nda bilgilendirme yap\u0131ld\u0131. Ayr\u0131ca etkinlikte \u00f6\u011frencilere deprem fark\u0131ndal\u0131k e\u011fitimi verildi. E\u011fitimde depremin tan\u0131m\u0131, al\u0131nacak tedbirler, deprem \u00e7antas\u0131 haz\u0131rlama, Jandarma Arama Kurtarma (JAK) Timlerinin faaliyet konular\u0131nda bilgilendirmeler yap\u0131ld\u0131. Bilgilendirme faaliyetinin sonunda t\u00fcm \u00f6\u011frenci ve \u00f6\u011fretmenlerle birlikte deprem tatbikat\u0131 yap\u0131l\u0131rken, \u00e7ocuklara faaliyet sonunda T\u00fcrk bayra\u011f\u0131 da\u011f\u0131t\u0131ld\u0131.<br \/><\/p>\n","protected":false},"excerpt":{"rendered":"<p>Ayd\u0131n\u2019\u0131n Kuyucak il\u00e7esinde jandarma ekiplerince \u00f6\u011frencilere deprem e\u011fitimi verildi, tatbikat yap\u0131ld\u0131. Ayd\u0131n \u0130l Jandarma Komutanl\u0131\u011f\u0131 Aile \u0130\u00e7i \u015eiddetle M\u00fccadele ve \u00c7ocuk K\u0131s\u0131m Amirli\u011fi, JAK Tim Komutanl\u0131\u011f\u0131 ve Kuyucak \u0130l\u00e7e Jandarma Komutanl\u0131\u011f\u0131nca Kuyucak il\u00e7esi Yamalak \u0130lk ve Ortaokulu\u2019nda e\u011fitim g\u00f6ren \u00f6\u011frenciler ve \u00f6\u011fretmenlere y\u00f6nelik bilgilendirme faaliyeti ger\u00e7ekle\u015ftirildi. 2024-2025 E\u011fitim \u00d6\u011fretim d\u00f6neminin ikinci yar\u0131s\u0131n\u0131n ba\u015flamas\u0131 sebebiyle \u00e7ocuklar\u0131n&#8230;<\/p>\n","protected":false},"author":1,"featured_media":18018,"comment_status":"open","ping_status":"open","sticky":false,"template":"","format":"standard","meta":{"_crdt_document":"","footnotes":""},"categories":[5],"tags":[],"class_list":["post-18017","post","type-post","status-publish","format-standard","has-post-thumbnail","hentry","category-asayis"],"_links":{"self":[{"href":"https:\/\/www.egemtv.com\/index.php?rest_route=\/wp\/v2\/posts\/18017","targetHints":{"allow":["GET"]}}],"collection":[{"href":"https:\/\/www.egemtv.com\/index.php?rest_route=\/wp\/v2\/posts"}],"about":[{"href":"https:\/\/www.egemtv.com\/index.php?rest_route=\/wp\/v2\/types\/post"}],"author":[{"embeddable":true,"href":"https:\/\/www.egemtv.com\/index.php?rest_route=\/wp\/v2\/users\/1"}],"replies":[{"embeddable":true,"href":"https:\/\/www.egemtv.com\/index.php?rest_route=%2Fwp%2Fv2%2Fcomments&post=18017"}],"version-history":[{"count":1,"href":"https:\/\/www.egemtv.com\/index.php?rest_route=\/wp\/v2\/posts\/18017\/revisions"}],"predecessor-version":[{"id":18019,"href":"https:\/\/www.egemtv.com\/index.php?rest_route=\/wp\/v2\/posts\/18017\/revisions\/18019"}],"wp:featuredmedia":[{"embeddable":true,"href":"https:\/\/www.egemtv.com\/index.php?rest_route=\/wp\/v2\/media\/18018"}],"wp:attachment":[{"href":"https:\/\/www.egemtv.com\/index.php?rest_route=%2Fwp%2Fv2%2Fmedia&parent=18017"}],"wp:term":[{"taxonomy":"category","embeddable":true,"href":"https:\/\/www.egemtv.com\/index.php?rest_route=%2Fwp%2Fv2%2Fcategories&post=18017"},{"taxonomy":"post_tag","embeddable":true,"href":"https:\/\/www.egemtv.com\/index.php?rest_route=%2Fwp%2Fv2%2Ftags&post=18017"}],"curies":[{"name":"wp","href":"https:\/\/api.w.org\/{rel}","templated":true}]}}