{"id":18008,"date":"2025-02-12T12:53:09","date_gmt":"2025-02-12T09:53:09","guid":{"rendered":"https:\/\/www.egemtv.com\/?p=18008"},"modified":"2025-02-12T12:53:14","modified_gmt":"2025-02-12T09:53:14","slug":"jandarma-ekipleri-7-supheliyi-gozaltina-aldi","status":"publish","type":"post","link":"https:\/\/www.egemtv.com\/?p=18008","title":{"rendered":"Jandarma ekipleri 7 \u015f\u00fcpheliyi g\u00f6zalt\u0131na ald\u0131"},"content":{"rendered":"<p>Ayd\u0131n \u0130l Jandarma Komutanl\u0131\u011f\u0131 taraf\u0131ndan il genelinde ruhsats\u0131z silah ta\u015f\u0131yan ve silah ka\u00e7ak\u00e7\u0131lar\u0131na y\u00f6nelik d\u00fczenlenen operasyon kapsam\u0131nda 7 \u015f\u00fcpheli g\u00f6zalt\u0131na al\u0131nd\u0131.<\/p>\n<p>Ayd\u0131n\u2019da jandarma ekipleri vatanda\u015flar\u0131n huzur ve g\u00fcvenli\u011fi i\u00e7in \u00e7al\u0131\u015fmalar\u0131n\u0131 aral\u0131ks\u0131z s\u00fcrd\u00fcr\u00fcyor. Edinilen bilgiye g\u00f6re, Ayd\u0131n \u0130l Jandarma Komutanl\u0131\u011f\u0131 taraf\u0131ndan il genelinde ruhsats\u0131z silah ta\u015f\u0131yan \u015fah\u0131slara ve silah ka\u00e7ak\u00e7\u0131lar\u0131na y\u00f6nelik belirlenen hedeflere y\u00f6nelik ger\u00e7ekle\u015ftirilen operasyonlar kapsam\u0131nda 7 \u015f\u00fcpheli yakaland\u0131. Yap\u0131lan aramalarda; 4 adet ruhsats\u0131z tabanca, 2 adet tabanca \u015farj\u00f6r\u00fc, 3 adet ruhsats\u0131z av t\u00fcfe\u011fi, 30 adet tabanca fi\u015fe\u011fi, 2 adet kesici ve delici alet ele ge\u00e7irildi.<\/p>\n<p>Olayla ilgili soru\u015fturma s\u00fcr\u00fcyor.<br \/><\/p>\n","protected":false},"excerpt":{"rendered":"<p>Ayd\u0131n \u0130l Jandarma Komutanl\u0131\u011f\u0131 taraf\u0131ndan il genelinde ruhsats\u0131z silah ta\u015f\u0131yan ve silah ka\u00e7ak\u00e7\u0131lar\u0131na y\u00f6nelik d\u00fczenlenen operasyon kapsam\u0131nda 7 \u015f\u00fcpheli g\u00f6zalt\u0131na al\u0131nd\u0131. Ayd\u0131n\u2019da jandarma ekipleri vatanda\u015flar\u0131n huzur ve g\u00fcvenli\u011fi i\u00e7in \u00e7al\u0131\u015fmalar\u0131n\u0131 aral\u0131ks\u0131z s\u00fcrd\u00fcr\u00fcyor. Edinilen bilgiye g\u00f6re, Ayd\u0131n \u0130l Jandarma Komutanl\u0131\u011f\u0131 taraf\u0131ndan il genelinde ruhsats\u0131z silah ta\u015f\u0131yan \u015fah\u0131slara ve silah ka\u00e7ak\u00e7\u0131lar\u0131na y\u00f6nelik belirlenen hedeflere y\u00f6nelik ger\u00e7ekle\u015ftirilen operasyonlar&#8230;<\/p>\n","protected":false},"author":1,"featured_media":18009,"comment_status":"open","ping_status":"open","sticky":false,"template":"","format":"standard","meta":{"_crdt_document":"","footnotes":""},"categories":[5],"tags":[],"class_list":["post-18008","post","type-post","status-publish","format-standard","has-post-thumbnail","hentry","category-asayis"],"_links":{"self":[{"href":"https:\/\/www.egemtv.com\/index.php?rest_route=\/wp\/v2\/posts\/18008","targetHints":{"allow":["GET"]}}],"collection":[{"href":"https:\/\/www.egemtv.com\/index.php?rest_route=\/wp\/v2\/posts"}],"about":[{"href":"https:\/\/www.egemtv.com\/index.php?rest_route=\/wp\/v2\/types\/post"}],"author":[{"embeddable":true,"href":"https:\/\/www.egemtv.com\/index.php?rest_route=\/wp\/v2\/users\/1"}],"replies":[{"embeddable":true,"href":"https:\/\/www.egemtv.com\/index.php?rest_route=%2Fwp%2Fv2%2Fcomments&post=18008"}],"version-history":[{"count":1,"href":"https:\/\/www.egemtv.com\/index.php?rest_route=\/wp\/v2\/posts\/18008\/revisions"}],"predecessor-version":[{"id":18010,"href":"https:\/\/www.egemtv.com\/index.php?rest_route=\/wp\/v2\/posts\/18008\/revisions\/18010"}],"wp:featuredmedia":[{"embeddable":true,"href":"https:\/\/www.egemtv.com\/index.php?rest_route=\/wp\/v2\/media\/18009"}],"wp:attachment":[{"href":"https:\/\/www.egemtv.com\/index.php?rest_route=%2Fwp%2Fv2%2Fmedia&parent=18008"}],"wp:term":[{"taxonomy":"category","embeddable":true,"href":"https:\/\/www.egemtv.com\/index.php?rest_route=%2Fwp%2Fv2%2Fcategories&post=18008"},{"taxonomy":"post_tag","embeddable":true,"href":"https:\/\/www.egemtv.com\/index.php?rest_route=%2Fwp%2Fv2%2Ftags&post=18008"}],"curies":[{"name":"wp","href":"https:\/\/api.w.org\/{rel}","templated":true}]}}